{"id":54213,"date":"2025-03-15T10:00:38","date_gmt":"2025-03-15T13:00:38","guid":{"rendered":"https:\/\/shopee.com.br\/blog\/?p=54213"},"modified":"2025-06-30T16:52:02","modified_gmt":"2025-06-30T19:52:02","slug":"como-recuperar-cabelo-quebrado","status":"publish","type":"post","link":"https:\/\/shopee.com.br\/blog\/como-recuperar-cabelo-quebrado\/","title":{"rendered":"Como recuperar e fortalecer o cabelo quebrado? Dicas infal\u00edveis"},"content":{"rendered":"<p data-start=\"443\" data-end=\"488\"><strong>O que voc\u00ea vai encontrar neste artigo?<\/strong><\/p>\n<p data-start=\"490\" data-end=\"739\">Se o seu cabelo est\u00e1 com pontas fr\u00e1geis, quebrando com facilidade ou sem vida, este conte\u00fado vai te mostrar como virar esse jogo. Aqui, voc\u00ea vai entender as principais causas do cabelo quebrado e, mais importante, como trat\u00e1-lo da maneira certa.<\/p>\n<p data-start=\"741\" data-end=\"1133\">Vamos falar sobre os melhores produtos para restaura\u00e7\u00e3o, como shampoos e m\u00e1scaras com queratina ou \u00f3leo de argan, al\u00e9m de cuidados essenciais como evitar calor excessivo, repensar o uso de qu\u00edmicas e incluir umecta\u00e7\u00f5es e massagens no couro cabeludo na rotina.<\/p>\n<h2 id='como-recuperar-cabelo-quebrado'  id=\"boomdevs_1\">Como recuperar cabelo quebrado?<\/h2>\n<p><strong>1. Opte por shampoo e condicionador de repara\u00e7\u00e3o<\/strong><br \/>\n<strong>2. Evite fontes de calor<\/strong><br \/>\n<strong>3. Fa\u00e7a o cronograma capilar<\/strong><br \/>\n<strong>4. Cuide da alimenta\u00e7\u00e3o<\/strong><br \/>\n<strong>5. Troque a toalha por uma de microfibra<\/strong><br \/>\n<strong>6. Preste aten\u00e7\u00e3o ao prender o cabelo<\/strong><br \/>\n<strong>7. Tome cuidados ao pentear<\/strong><br \/>\n<strong>8. Invista em \u00f3leo de argan e queratina<\/strong><br \/>\n<strong>9. Pare com qu\u00edmicas<\/strong><br \/>\n<strong>10. Massageie o couro cabeludo<\/strong><br \/>\n<strong>11. Saiba que a vitamina E \u00e9 muito importante<\/strong><br \/>\n<strong>12. Aposte em umecta\u00e7\u00f5es<\/strong><br \/>\n<strong>13. Use touca para dormir<\/strong><\/p>\n<p><span style=\"font-weight: 400;\">Com essas dicas que listamos a seguir, voc\u00ea ver\u00e1 como recuperar cabelo quebrado e devolver a vitalidade aos fios. Vamos l\u00e1?<\/span><\/p>\n<h3 id='1-opte-por-shampoo-e-condicionador-de-repara\u00e7\u00e3o'  id=\"boomdevs_2\"><b>1. Opte por shampoo e condicionador de repara\u00e7\u00e3o<\/b><\/h3>\n<p><span style=\"font-weight: 400;\">Utilizar produtos espec\u00edficos para a repara\u00e7\u00e3o capilar \u00e9 fundamental para melhorar a sa\u00fade de cabelos quebradi\u00e7os.<\/span><\/p>\n<p><span style=\"font-weight: 400;\">Esses <\/span><a href=\"https:\/\/shopee.com.br\/list\/Shampoo\"><span style=\"font-weight: 400;\">shampoos<\/span><\/a><span style=\"font-weight: 400;\"> e <\/span><a href=\"https:\/\/shopee.com.br\/list\/Condicionador\"><span style=\"font-weight: 400;\">condicionadores<\/span><\/a><span style=\"font-weight: 400;\"> cont\u00eam ingredientes como prote\u00ednas e \u00f3leos, que ajudam a fortalecer os fios e restaurar a sa\u00fade capilar.<\/span><\/p>\n<p><span style=\"font-weight: 400;\">Eles trabalham para reparar a estrutura danificada do cabelo, tornando-o mais resistente \u00e0 quebra e aos danos futuros.<\/span><\/p>\n<figure id=\"attachment_54231\" aria-describedby=\"caption-attachment-54231\" style=\"width: 350px\" class=\"wp-caption aligncenter\"><img decoding=\"async\" class=\"wp-image-54231\" src=\"https:\/\/shopee.com.br\/blog\/wp-content\/uploads\/2023\/09\/como-recuperar-cabelo-quebrado-shampoo-e-condicionador-reparacao.jpeg\" alt=\"\" width=\"350\" height=\"350\" srcset=\"https:\/\/shopee.com.br\/blog\/wp-content\/uploads\/2023\/09\/como-recuperar-cabelo-quebrado-shampoo-e-condicionador-reparacao.jpeg 1024w, https:\/\/shopee.com.br\/blog\/wp-content\/uploads\/2023\/09\/como-recuperar-cabelo-quebrado-shampoo-e-condicionador-reparacao-300x300.jpeg 300w, https:\/\/shopee.com.br\/blog\/wp-content\/uploads\/2023\/09\/como-recuperar-cabelo-quebrado-shampoo-e-condicionador-reparacao-150x150.jpeg 150w, https:\/\/shopee.com.br\/blog\/wp-content\/uploads\/2023\/09\/como-recuperar-cabelo-quebrado-shampoo-e-condicionador-reparacao-768x768.jpeg 768w, https:\/\/shopee.com.br\/blog\/wp-content\/uploads\/2023\/09\/como-recuperar-cabelo-quebrado-shampoo-e-condicionador-reparacao-1000x1000.jpeg 1000w, https:\/\/shopee.com.br\/blog\/wp-content\/uploads\/2023\/09\/como-recuperar-cabelo-quebrado-shampoo-e-condicionador-reparacao-230x230.jpeg 230w, https:\/\/shopee.com.br\/blog\/wp-content\/uploads\/2023\/09\/como-recuperar-cabelo-quebrado-shampoo-e-condicionador-reparacao-350x350.jpeg 350w, https:\/\/shopee.com.br\/blog\/wp-content\/uploads\/2023\/09\/como-recuperar-cabelo-quebrado-shampoo-e-condicionador-reparacao-480x480.jpeg 480w\" sizes=\"(max-width: 350px) 100vw, 350px\" \/><figcaption id=\"caption-attachment-54231\" class=\"wp-caption-text\"><span style=\"font-size: 8pt;\">Kit Elseve Repara\u00e7\u00e3o Total 5 &#8211; Cr\u00e9ditos: <a href=\"https:\/\/shopee.com.br\/lojasredeoficial\" target=\"_blank\" rel=\"noopener\">Lojas Rede<\/a><\/span><\/figcaption><\/figure>\n<p style=\"text-align: center;\"><span style=\"font-weight: 400;\"><a href=\"https:\/\/shopee.com.br\/list\/Shampoo\" class=\"su-button su-button-style-default\" style=\"color:#FFFFFF;background-color:#ee4d2d;border-color:#bf3e24;border-radius:6px\" target=\"_self\"><span style=\"color:#FFFFFF;padding:0px 18px;font-size:14px;line-height:28px;border-color:#f4836c;border-radius:6px;text-shadow:none\"> Compre Aqui<\/span><\/a><\/span><\/p>\n<h3 id='2-evite-fontes-de-calor'  id=\"boomdevs_3\"><b>2. Evite fontes de calor<\/b><\/h3>\n<p><span style=\"font-weight: 400;\">O uso frequente de fontes de calor, como <\/span><a href=\"https:\/\/shopee.com.br\/list\/Secador%20de%20Cabelo\"><span style=\"font-weight: 400;\">secadores<\/span><\/a><span style=\"font-weight: 400;\">, <\/span><a href=\"https:\/\/shopee.com.br\/list\/Chapinha\"><span style=\"font-weight: 400;\">chapinhas<\/span><\/a><span style=\"font-weight: 400;\"> e <\/span><a href=\"https:\/\/shopee.com.br\/list\/Modelador\/Cachos\"><span style=\"font-weight: 400;\">modeladores de cabelo<\/span><\/a><span style=\"font-weight: 400;\">, pode causar danos significativos aos fios.<\/span><\/p>\n<p><span style=\"font-weight: 400;\">O calor excessivo retira a umidade natural do cabelo, tornando-o mais fr\u00e1gil e suscet\u00edvel \u00e0 quebra. \u00c9 essencial limitar o uso dessas ferramentas, usar <\/span><a href=\"https:\/\/shopee.com.br\/list\/Protetor%20T%C3%A9rmico\"><span style=\"font-weight: 400;\">protetor t\u00e9rmico<\/span><\/a><span style=\"font-weight: 400;\"> antes da aplica\u00e7\u00e3o e optar por configura\u00e7\u00f5es de temperatura mais baixas sempre que poss\u00edvel.<\/span><\/p>\n<p><span style=\"font-weight: 400;\">Ao evitar o calor em excesso, voc\u00ea protege a integridade do seu cabelo e ajuda na sua recupera\u00e7\u00e3o dos fios ressecados.<\/span><\/p>\n<figure id=\"attachment_54230\" aria-describedby=\"caption-attachment-54230\" style=\"width: 350px\" class=\"wp-caption aligncenter\"><img decoding=\"async\" class=\"wp-image-54230\" src=\"https:\/\/shopee.com.br\/blog\/wp-content\/uploads\/2023\/09\/como-recuperar-cabelo-quebrado-protetor-termico.jpeg\" alt=\"como recuperar cabelo quebrado - protetor termico\" width=\"350\" height=\"350\" srcset=\"https:\/\/shopee.com.br\/blog\/wp-content\/uploads\/2023\/09\/como-recuperar-cabelo-quebrado-protetor-termico.jpeg 930w, https:\/\/shopee.com.br\/blog\/wp-content\/uploads\/2023\/09\/como-recuperar-cabelo-quebrado-protetor-termico-300x300.jpeg 300w, https:\/\/shopee.com.br\/blog\/wp-content\/uploads\/2023\/09\/como-recuperar-cabelo-quebrado-protetor-termico-150x150.jpeg 150w, https:\/\/shopee.com.br\/blog\/wp-content\/uploads\/2023\/09\/como-recuperar-cabelo-quebrado-protetor-termico-768x768.jpeg 768w, https:\/\/shopee.com.br\/blog\/wp-content\/uploads\/2023\/09\/como-recuperar-cabelo-quebrado-protetor-termico-230x230.jpeg 230w, https:\/\/shopee.com.br\/blog\/wp-content\/uploads\/2023\/09\/como-recuperar-cabelo-quebrado-protetor-termico-350x350.jpeg 350w, https:\/\/shopee.com.br\/blog\/wp-content\/uploads\/2023\/09\/como-recuperar-cabelo-quebrado-protetor-termico-480x480.jpeg 480w\" sizes=\"(max-width: 350px) 100vw, 350px\" \/><figcaption id=\"caption-attachment-54230\" class=\"wp-caption-text\"><span style=\"font-size: 8pt;\">Spray leave-in finalizador protetor t\u00e9rmico Eico &#8211; Cr\u00e9ditos: <a href=\"https:\/\/shopee.com.br\/sendai.cosmeticos\" target=\"_blank\" rel=\"noopener\">Sendai Solu\u00e7\u00f5es Beleza e Bem Estar<\/a><\/span><\/figcaption><\/figure>\n<p style=\"text-align: center;\"><span style=\"font-weight: 400;\"><a href=\"https:\/\/shopee.com.br\/list\/Protetor%20T%C3%A9rmico\" class=\"su-button su-button-style-default\" style=\"color:#FFFFFF;background-color:#ee4d2d;border-color:#bf3e24;border-radius:6px\" target=\"_self\"><span style=\"color:#FFFFFF;padding:0px 18px;font-size:14px;line-height:28px;border-color:#f4836c;border-radius:6px;text-shadow:none\"> Compre Aqui<\/span><\/a><\/span><\/p>\n<h3 id='3-fa\u00e7a-o-cronograma-capilar'  id=\"boomdevs_4\"><b>3. Fa\u00e7a o cronograma capilar<\/b><\/h3>\n<p><span style=\"font-weight: 400;\">Muita gente n\u00e3o sabe como fazer <a href=\"https:\/\/shopee.com.br\/list\/Cronograma%20Capilar\">cronograma capilar<\/a>, mas essa \u00e9 uma rotina simples de cuidados com os cabelos, dividida em tr\u00eas etapas principais: hidrata\u00e7\u00e3o, nutri\u00e7\u00e3o e reconstru\u00e7\u00e3o.<\/span><\/p>\n<p><span style=\"font-weight: 400;\">Cada etapa tem um objetivo espec\u00edfico: a <\/span><a href=\"https:\/\/shopee.com.br\/list\/M%C3%A1scara%20Capilar\/Hidrata%C3%A7%C3%A3o\"><span style=\"font-weight: 400;\">hidrata\u00e7\u00e3o<\/span><\/a><span style=\"font-weight: 400;\"> rep\u00f5e a umidade, a <\/span><a href=\"https:\/\/shopee.com.br\/list\/M%C3%A1scara%20Capilar\/Nutri%C3%A7%C3%A3o\"><span style=\"font-weight: 400;\">nutri\u00e7\u00e3o<\/span><\/a><span style=\"font-weight: 400;\"> fornece nutrientes essenciais e a <\/span><a href=\"https:\/\/shopee.com.br\/list\/M%C3%A1scara%20Capilar\/Reconstru%C3%A7%C3%A3o\"><span style=\"font-weight: 400;\">reconstru\u00e7\u00e3o<\/span><\/a><span style=\"font-weight: 400;\"> repara os danos.\u00a0<\/span><\/p>\n<p><span style=\"font-weight: 400;\">Ao seguir um cronograma capilar adequado ao seu tipo de cabelo, voc\u00ea oferece uma abordagem completa e equilibrada para recuperar e manter a sa\u00fade dos fios. Essa \u00e9 uma das ferramentas mais eficazes para lidar com o cabelo danificado.<\/span><\/p>\n<p><span style=\"font-weight: 400;\">Para aprender como fazer cronograma capilar e montar uma rotina de cuidados com os fios, confira nosso artigo: <\/span><a href=\"https:\/\/shopee.com.br\/blog\/como-fazer-cronograma-capilar\/\"><span style=\"font-weight: 400;\">Como fazer cronograma capilar para cada tipo de cabelo?<\/span><\/a><\/p>\n<figure id=\"attachment_54224\" aria-describedby=\"caption-attachment-54224\" style=\"width: 350px\" class=\"wp-caption aligncenter\"><img decoding=\"async\" class=\"wp-image-54224\" src=\"https:\/\/shopee.com.br\/blog\/wp-content\/uploads\/2023\/09\/como-recuperar-cabelo-quebrado-cronograma-capilar.jpeg\" alt=\"como recuperar cabelo quebrado - cronograma capilar\" width=\"350\" height=\"350\" srcset=\"https:\/\/shopee.com.br\/blog\/wp-content\/uploads\/2023\/09\/como-recuperar-cabelo-quebrado-cronograma-capilar.jpeg 1024w, https:\/\/shopee.com.br\/blog\/wp-content\/uploads\/2023\/09\/como-recuperar-cabelo-quebrado-cronograma-capilar-300x300.jpeg 300w, https:\/\/shopee.com.br\/blog\/wp-content\/uploads\/2023\/09\/como-recuperar-cabelo-quebrado-cronograma-capilar-150x150.jpeg 150w, https:\/\/shopee.com.br\/blog\/wp-content\/uploads\/2023\/09\/como-recuperar-cabelo-quebrado-cronograma-capilar-768x768.jpeg 768w, https:\/\/shopee.com.br\/blog\/wp-content\/uploads\/2023\/09\/como-recuperar-cabelo-quebrado-cronograma-capilar-1000x1000.jpeg 1000w, https:\/\/shopee.com.br\/blog\/wp-content\/uploads\/2023\/09\/como-recuperar-cabelo-quebrado-cronograma-capilar-230x230.jpeg 230w, https:\/\/shopee.com.br\/blog\/wp-content\/uploads\/2023\/09\/como-recuperar-cabelo-quebrado-cronograma-capilar-350x350.jpeg 350w, https:\/\/shopee.com.br\/blog\/wp-content\/uploads\/2023\/09\/como-recuperar-cabelo-quebrado-cronograma-capilar-480x480.jpeg 480w\" sizes=\"(max-width: 350px) 100vw, 350px\" \/><figcaption id=\"caption-attachment-54224\" class=\"wp-caption-text\"><span style=\"font-size: 8pt;\">Kit Lola Cosmetics Cronograma Capilar &#8211; Cr\u00e9ditos: <a href=\"https:\/\/shopee.com.br\/oicosmetics\" target=\"_blank\" rel=\"noopener\">Oi Cosmetics <\/a><\/span><\/figcaption><\/figure>\n<p style=\"text-align: center;\"><span style=\"font-weight: 400;\"><a href=\"https:\/\/shopee.com.br\/list\/Cronograma%20Capilar\" class=\"su-button su-button-style-default\" style=\"color:#FFFFFF;background-color:#ee4d2d;border-color:#bf3e24;border-radius:6px\" target=\"_self\"><span style=\"color:#FFFFFF;padding:0px 18px;font-size:14px;line-height:28px;border-color:#f4836c;border-radius:6px;text-shadow:none\"> Compre Aqui<\/span><\/a><\/span><\/p>\n<h3 id='4-cuide-da-alimenta\u00e7\u00e3o'  id=\"boomdevs_5\"><b>4. Cuide da alimenta\u00e7\u00e3o<\/b><\/h3>\n<p><span style=\"font-weight: 400;\">Entender como recuperar cabelo quebrado tamb\u00e9m passa pela alimenta\u00e7\u00e3o, sabia? A sa\u00fade do cabelo come\u00e7a de dentro para fora, e os alimentos que consumimos desempenham um papel fundamental nesse processo.<\/span><\/p>\n<p><span style=\"font-weight: 400;\">Certos nutrientes, como prote\u00ednas, vitaminas (A, C e E) e minerais (ferro e zinco), s\u00e3o essenciais para a sa\u00fade capilar. As prote\u00ednas s\u00e3o a base da estrutura do cabelo, enquanto as vitaminas e os minerais ajudam na produ\u00e7\u00e3o de sebo, na circula\u00e7\u00e3o sangu\u00ednea e na regenera\u00e7\u00e3o celular.<\/span><\/p>\n<p><span style=\"font-weight: 400;\">Para fortalecer seus cabelos de dentro para fora, inclua alimentos ricos nesses nutrientes na sua dieta, como ovos, peixes, frutas e vegetais.<\/span><\/p>\n<h3 id='5-troque-a-toalha-por-uma-de-microfibra'  id=\"boomdevs_6\"><b>5. Troque a toalha por uma de microfibra<\/b><\/h3>\n<p><a href=\"https:\/\/shopee.com.br\/list\/Toalha\/Microfibra\"><span style=\"font-weight: 400;\">Toalhas de microfibra<\/span><\/a><span style=\"font-weight: 400;\"> s\u00e3o uma op\u00e7\u00e3o mais gentil para secar o cabelo do que as toalhas comuns de algod\u00e3o.<\/span><\/p>\n<p><span style=\"font-weight: 400;\">A microfibra \u00e9 suave e absorvente, reduzindo o atrito durante o processo de secagem. Isso minimiza o risco de quebra e de danos \u00e0 cut\u00edcula capilar.<\/span><\/p>\n<p><span style=\"font-weight: 400;\">Ao fazer essa simples mudan\u00e7a na sua rotina, voc\u00ea pode preservar a sa\u00fade dos seus cabelos e evitar o desgaste causado pelo uso de toalhas \u00e1speras.<\/span><\/p>\n<figure id=\"attachment_54232\" aria-describedby=\"caption-attachment-54232\" style=\"width: 350px\" class=\"wp-caption aligncenter\"><img decoding=\"async\" class=\"wp-image-54232\" src=\"https:\/\/shopee.com.br\/blog\/wp-content\/uploads\/2023\/09\/como-recuperar-cabelo-quebrado-toalha-microfibra.jpeg\" alt=\"\" width=\"350\" height=\"350\" srcset=\"https:\/\/shopee.com.br\/blog\/wp-content\/uploads\/2023\/09\/como-recuperar-cabelo-quebrado-toalha-microfibra.jpeg 688w, https:\/\/shopee.com.br\/blog\/wp-content\/uploads\/2023\/09\/como-recuperar-cabelo-quebrado-toalha-microfibra-300x300.jpeg 300w, https:\/\/shopee.com.br\/blog\/wp-content\/uploads\/2023\/09\/como-recuperar-cabelo-quebrado-toalha-microfibra-150x150.jpeg 150w, https:\/\/shopee.com.br\/blog\/wp-content\/uploads\/2023\/09\/como-recuperar-cabelo-quebrado-toalha-microfibra-230x230.jpeg 230w, https:\/\/shopee.com.br\/blog\/wp-content\/uploads\/2023\/09\/como-recuperar-cabelo-quebrado-toalha-microfibra-350x350.jpeg 350w, https:\/\/shopee.com.br\/blog\/wp-content\/uploads\/2023\/09\/como-recuperar-cabelo-quebrado-toalha-microfibra-480x480.jpeg 480w\" sizes=\"(max-width: 350px) 100vw, 350px\" \/><figcaption id=\"caption-attachment-54232\" class=\"wp-caption-text\"><span style=\"font-size: 8pt;\">Toalha de microfibra &#8211; Cr\u00e9ditos: <a href=\"https:\/\/shopee.com.br\/teu1cc8mvq\" target=\"_blank\" rel=\"noopener\">GaGa Boom!<\/a><\/span><\/figcaption><\/figure>\n<p style=\"text-align: center;\"><span style=\"font-weight: 400;\"><a href=\"https:\/\/shopee.com.br\/list\/Toalha\/Microfibra\" class=\"su-button su-button-style-default\" style=\"color:#FFFFFF;background-color:#ee4d2d;border-color:#bf3e24;border-radius:6px\" target=\"_self\"><span style=\"color:#FFFFFF;padding:0px 18px;font-size:14px;line-height:28px;border-color:#f4836c;border-radius:6px;text-shadow:none\"> Compre Aqui<\/span><\/a><\/span><\/p>\n<h3 id='6-preste-aten\u00e7\u00e3o-ao-prender-o-cabelo'  id=\"boomdevs_7\"><b>6. Preste aten\u00e7\u00e3o ao prender o cabelo<\/b><\/h3>\n<p><span style=\"font-weight: 400;\">A maneira como voc\u00ea prende o cabelo pode influenciar na sa\u00fade dos fios, sabia? Evite penteados apertados, que puxem os fios com for\u00e7a, pois isso pode enfraquec\u00ea-los e causar quebra.<\/span><\/p>\n<p><span style=\"font-weight: 400;\">Use <a href=\"https:\/\/shopee.com.br\/list\/El%C3%A1stico%20de%20Cabelo\/Cetim\" target=\"_blank\" rel=\"noopener\">el\u00e1sticos de cabelo revestidos de tecido<\/a> ou presilhas mais suaves para evitar o estresse nos fios. Seja gentil ao prender seu cabelo, especialmente se ele j\u00e1 estiver fragilizado.<\/span><\/p>\n<figure id=\"attachment_54225\" aria-describedby=\"caption-attachment-54225\" style=\"width: 350px\" class=\"wp-caption aligncenter\"><img decoding=\"async\" class=\"wp-image-54225\" src=\"https:\/\/shopee.com.br\/blog\/wp-content\/uploads\/2023\/09\/como-recuperar-cabelo-quebrado-elastico-de-cabelo-cetim.jpeg\" alt=\"\" width=\"350\" height=\"350\" srcset=\"https:\/\/shopee.com.br\/blog\/wp-content\/uploads\/2023\/09\/como-recuperar-cabelo-quebrado-elastico-de-cabelo-cetim.jpeg 1024w, https:\/\/shopee.com.br\/blog\/wp-content\/uploads\/2023\/09\/como-recuperar-cabelo-quebrado-elastico-de-cabelo-cetim-300x300.jpeg 300w, https:\/\/shopee.com.br\/blog\/wp-content\/uploads\/2023\/09\/como-recuperar-cabelo-quebrado-elastico-de-cabelo-cetim-150x150.jpeg 150w, https:\/\/shopee.com.br\/blog\/wp-content\/uploads\/2023\/09\/como-recuperar-cabelo-quebrado-elastico-de-cabelo-cetim-768x768.jpeg 768w, https:\/\/shopee.com.br\/blog\/wp-content\/uploads\/2023\/09\/como-recuperar-cabelo-quebrado-elastico-de-cabelo-cetim-1000x1000.jpeg 1000w, https:\/\/shopee.com.br\/blog\/wp-content\/uploads\/2023\/09\/como-recuperar-cabelo-quebrado-elastico-de-cabelo-cetim-230x230.jpeg 230w, https:\/\/shopee.com.br\/blog\/wp-content\/uploads\/2023\/09\/como-recuperar-cabelo-quebrado-elastico-de-cabelo-cetim-350x350.jpeg 350w, https:\/\/shopee.com.br\/blog\/wp-content\/uploads\/2023\/09\/como-recuperar-cabelo-quebrado-elastico-de-cabelo-cetim-480x480.jpeg 480w\" sizes=\"(max-width: 350px) 100vw, 350px\" \/><figcaption id=\"caption-attachment-54225\" class=\"wp-caption-text\"><span style=\"font-size: 8pt;\">El\u00e1stico de cabelo de cetim &#8211; Cr\u00e9ditos: <a href=\"https:\/\/shopee.com.br\/ateliertamirescardoso\" target=\"_blank\" rel=\"noopener\">Atelier Tamires Cardosos<\/a><\/span><\/figcaption><\/figure>\n<p style=\"text-align: center;\"><span style=\"font-weight: 400;\"><a href=\"https:\/\/shopee.com.br\/list\/El%C3%A1stico%20de%20Cabelo\/Cetim\" class=\"su-button su-button-style-default\" style=\"color:#FFFFFF;background-color:#ee4d2d;border-color:#bf3e24;border-radius:6px\" target=\"_self\"><span style=\"color:#FFFFFF;padding:0px 18px;font-size:14px;line-height:28px;border-color:#f4836c;border-radius:6px;text-shadow:none\"> Compre Aqui<\/span><\/a><\/span><\/p>\n<p>Leia tamb\u00e9m: <a href=\"https:\/\/shopee.com.br\/blog\/dicas-para-um-couro-cabeludo-saudavel\/\" target=\"_blank\" rel=\"noopener\">7 Dicas para ter um couro cabeludo saud\u00e1vel<\/a><\/p>\n<h3 id='7-tome-cuidados-ao-pentear'  id=\"boomdevs_8\"><b>7. Tome cuidados ao pentear<\/b><\/h3>\n<p><span style=\"font-weight: 400;\">Escolha pentes de dentes largos ou <\/span><a href=\"https:\/\/shopee.com.br\/list\/Escova%20de%20Cabelo\/Macia\"><span style=\"font-weight: 400;\">escovas com cerdas macias<\/span><\/a><span style=\"font-weight: 400;\"> para pentear o cabelo.\u00a0<\/span><\/p>\n<p><span style=\"font-weight: 400;\">Comece a pentear pelas pontas e v\u00e1 subindo gradualmente em dire\u00e7\u00e3o \u00e0s ra\u00edzes. Isso ajuda a desembara\u00e7ar os n\u00f3s suavemente, minimizando a quebra. Evite puxar ou pentear com for\u00e7a, o que pode causar danos aos fios.<\/span><\/p>\n<figure id=\"attachment_54226\" aria-describedby=\"caption-attachment-54226\" style=\"width: 350px\" class=\"wp-caption aligncenter\"><img decoding=\"async\" class=\"wp-image-54226\" src=\"https:\/\/shopee.com.br\/blog\/wp-content\/uploads\/2023\/09\/como-recuperar-cabelo-quebrado-escova-de-cabelo-macia.jpeg\" alt=\"\" width=\"350\" height=\"350\" srcset=\"https:\/\/shopee.com.br\/blog\/wp-content\/uploads\/2023\/09\/como-recuperar-cabelo-quebrado-escova-de-cabelo-macia.jpeg 1000w, https:\/\/shopee.com.br\/blog\/wp-content\/uploads\/2023\/09\/como-recuperar-cabelo-quebrado-escova-de-cabelo-macia-300x300.jpeg 300w, https:\/\/shopee.com.br\/blog\/wp-content\/uploads\/2023\/09\/como-recuperar-cabelo-quebrado-escova-de-cabelo-macia-150x150.jpeg 150w, https:\/\/shopee.com.br\/blog\/wp-content\/uploads\/2023\/09\/como-recuperar-cabelo-quebrado-escova-de-cabelo-macia-768x768.jpeg 768w, https:\/\/shopee.com.br\/blog\/wp-content\/uploads\/2023\/09\/como-recuperar-cabelo-quebrado-escova-de-cabelo-macia-230x230.jpeg 230w, https:\/\/shopee.com.br\/blog\/wp-content\/uploads\/2023\/09\/como-recuperar-cabelo-quebrado-escova-de-cabelo-macia-350x350.jpeg 350w, https:\/\/shopee.com.br\/blog\/wp-content\/uploads\/2023\/09\/como-recuperar-cabelo-quebrado-escova-de-cabelo-macia-480x480.jpeg 480w\" sizes=\"(max-width: 350px) 100vw, 350px\" \/><figcaption id=\"caption-attachment-54226\" class=\"wp-caption-text\"><span style=\"font-size: 8pt;\">Escova de cabelo raquete flex &#8211; Cr\u00e9ditos: <a href=\"https:\/\/shopee.com.br\/lolibiju\" target=\"_blank\" rel=\"noopener\">M&amp;D Brasil Atacadista<\/a><\/span><\/figcaption><\/figure>\n<p style=\"text-align: center;\"><span style=\"font-weight: 400;\"><a href=\"https:\/\/shopee.com.br\/list\/Escova%20de%20Cabelo\/Macia\" class=\"su-button su-button-style-default\" style=\"color:#FFFFFF;background-color:#ee4d2d;border-color:#bf3e24;border-radius:6px\" target=\"_self\"><span style=\"color:#FFFFFF;padding:0px 18px;font-size:14px;line-height:28px;border-color:#f4836c;border-radius:6px;text-shadow:none\"> Compre Aqui<\/span><\/a><\/span><\/p>\n<h3 id='8-invista-em-\u00f3leo-de-argan-e-queratina'  id=\"boomdevs_9\"><b>8. Invista em \u00f3leo de argan e queratina<\/b><\/h3>\n<p><span style=\"font-weight: 400;\">O <\/span><a href=\"https:\/\/shopee.com.br\/list\/%C3%93leo\/Argan\"><span style=\"font-weight: 400;\">\u00f3leo de argan<\/span><\/a><span style=\"font-weight: 400;\"> e a <\/span><a href=\"https:\/\/shopee.com.br\/list\/Queratina\"><span style=\"font-weight: 400;\">queratina<\/span><\/a><span style=\"font-weight: 400;\"> s\u00e3o ingredientes populares em produtos capilares devido \u00e0s suas propriedades de repara\u00e7\u00e3o.<\/span><\/p>\n<p><span style=\"font-weight: 400;\">O \u00f3leo de argan \u00e9 rico em antioxidantes e \u00e1cidos graxos, que hidratam e fortalecem os fios. A queratina \u00e9 uma prote\u00edna que ajuda a preencher as \u00e1reas danificadas do cabelo, tornando-o mais resistente \u00e0 quebra e aos danos.<\/span><\/p>\n<p><span style=\"font-weight: 400;\">Ao incorporar produtos contendo esses ingredientes \u00e0 sua rotina, voc\u00ea proporciona os nutrientes necess\u00e1rios para uma recupera\u00e7\u00e3o eficaz dos seus cabelos.<\/span><\/p>\n<figure id=\"attachment_54229\" aria-describedby=\"caption-attachment-54229\" style=\"width: 350px\" class=\"wp-caption aligncenter\"><img decoding=\"async\" class=\"wp-image-54229\" src=\"https:\/\/shopee.com.br\/blog\/wp-content\/uploads\/2023\/09\/como-recuperar-cabelo-quebrado-oleo-de-argan.jpeg\" alt=\"como recuperar cabelo quebrado - oleo de argan\" width=\"350\" height=\"350\" srcset=\"https:\/\/shopee.com.br\/blog\/wp-content\/uploads\/2023\/09\/como-recuperar-cabelo-quebrado-oleo-de-argan.jpeg 600w, https:\/\/shopee.com.br\/blog\/wp-content\/uploads\/2023\/09\/como-recuperar-cabelo-quebrado-oleo-de-argan-300x300.jpeg 300w, https:\/\/shopee.com.br\/blog\/wp-content\/uploads\/2023\/09\/como-recuperar-cabelo-quebrado-oleo-de-argan-150x150.jpeg 150w, https:\/\/shopee.com.br\/blog\/wp-content\/uploads\/2023\/09\/como-recuperar-cabelo-quebrado-oleo-de-argan-230x230.jpeg 230w, https:\/\/shopee.com.br\/blog\/wp-content\/uploads\/2023\/09\/como-recuperar-cabelo-quebrado-oleo-de-argan-350x350.jpeg 350w, https:\/\/shopee.com.br\/blog\/wp-content\/uploads\/2023\/09\/como-recuperar-cabelo-quebrado-oleo-de-argan-480x480.jpeg 480w\" sizes=\"(max-width: 350px) 100vw, 350px\" \/><figcaption id=\"caption-attachment-54229\" class=\"wp-caption-text\"><span style=\"font-size: 8pt;\">\u00d3leo de Argan Inoar &#8211; Cr\u00e9ditos: <a href=\"https:\/\/shopee.com.br\/perfumarialumistore\" target=\"_blank\" rel=\"noopener\">Perfumaria Lumi Store<\/a><\/span><\/figcaption><\/figure>\n<p style=\"text-align: center;\"><span style=\"font-weight: 400;\"><a href=\"https:\/\/shopee.com.br\/list\/%C3%93leo\/Argan\" class=\"su-button su-button-style-default\" style=\"color:#FFFFFF;background-color:#ee4d2d;border-color:#bf3e24;border-radius:6px\" target=\"_self\"><span style=\"color:#FFFFFF;padding:0px 18px;font-size:14px;line-height:28px;border-color:#f4836c;border-radius:6px;text-shadow:none\"> Compre Aqui<\/span><\/a><\/span><\/p>\n<h3 id='9-pare-com-qu\u00edmicas'  id=\"boomdevs_10\"><b>9. Pare com qu\u00edmicas<\/b><\/h3>\n<p><span style=\"font-weight: 400;\">Tratamentos qu\u00edmicos frequentes, como alisamentos, colora\u00e7\u00f5es e descolora\u00e7\u00f5es, podem enfraquecer a estrutura do cabelo e torn\u00e1-lo propenso \u00e0 quebra.<\/span><\/p>\n<p><span style=\"font-weight: 400;\">Para entender como recuperar pontas ressecadas, cabelos danificados e reduzir a quebra, considere espa\u00e7ar esses procedimentos ou procurar alternativas mais suaves, como tinturas sem am\u00f4nia ou tratamentos naturais.<\/span><\/p>\n<h3 id='10-massageie-o-couro-cabeludo'  id=\"boomdevs_11\"><b>10. Massageie o couro cabeludo<\/b><\/h3>\n<p><span style=\"font-weight: 400;\">Usar uma <\/span><a href=\"https:\/\/shopee.com.br\/list\/Escova\/Massageadora\"><span style=\"font-weight: 400;\">escova massageadora de couro cabeludo<\/span><\/a><span style=\"font-weight: 400;\"> durante a lavagem estimula a circula\u00e7\u00e3o sangu\u00ednea, o que promove um ambiente saud\u00e1vel para o crescimento dos fios.<\/span><\/p>\n<p><span style=\"font-weight: 400;\">Ao massagear o couro cabeludo regularmente, voc\u00ea n\u00e3o apenas ajuda a fortalecer os cabelos, mas tamb\u00e9m contribui para a manuten\u00e7\u00e3o de um ambiente limpo e saud\u00e1vel. A limpeza eficaz do couro cabeludo \u00e9 fundamental para prevenir problemas como a caspa e o excesso de oleosidade.\u00a0<\/span><\/p>\n<p><span style=\"font-weight: 400;\">Incluir esse tipo de massagem na sua rotina de cuidados capilares n\u00e3o apenas promove o crescimento de cabelos saud\u00e1veis, mas tamb\u00e9m mant\u00e9m seu couro cabeludo em condi\u00e7\u00f5es ideais para um cabelo exuberante.<\/span><\/p>\n<figure id=\"attachment_54227\" aria-describedby=\"caption-attachment-54227\" style=\"width: 350px\" class=\"wp-caption aligncenter\"><img decoding=\"async\" class=\"wp-image-54227\" src=\"https:\/\/shopee.com.br\/blog\/wp-content\/uploads\/2023\/09\/como-recuperar-cabelo-quebrado-massageador-de-couro-cabeludo.jpeg\" alt=\"como recuperar cabelo quebrado - massageador de couro cabeludo\" width=\"350\" height=\"350\" srcset=\"https:\/\/shopee.com.br\/blog\/wp-content\/uploads\/2023\/09\/como-recuperar-cabelo-quebrado-massageador-de-couro-cabeludo.jpeg 1024w, https:\/\/shopee.com.br\/blog\/wp-content\/uploads\/2023\/09\/como-recuperar-cabelo-quebrado-massageador-de-couro-cabeludo-300x300.jpeg 300w, https:\/\/shopee.com.br\/blog\/wp-content\/uploads\/2023\/09\/como-recuperar-cabelo-quebrado-massageador-de-couro-cabeludo-150x150.jpeg 150w, https:\/\/shopee.com.br\/blog\/wp-content\/uploads\/2023\/09\/como-recuperar-cabelo-quebrado-massageador-de-couro-cabeludo-768x768.jpeg 768w, https:\/\/shopee.com.br\/blog\/wp-content\/uploads\/2023\/09\/como-recuperar-cabelo-quebrado-massageador-de-couro-cabeludo-1000x1000.jpeg 1000w, https:\/\/shopee.com.br\/blog\/wp-content\/uploads\/2023\/09\/como-recuperar-cabelo-quebrado-massageador-de-couro-cabeludo-230x230.jpeg 230w, https:\/\/shopee.com.br\/blog\/wp-content\/uploads\/2023\/09\/como-recuperar-cabelo-quebrado-massageador-de-couro-cabeludo-350x350.jpeg 350w, https:\/\/shopee.com.br\/blog\/wp-content\/uploads\/2023\/09\/como-recuperar-cabelo-quebrado-massageador-de-couro-cabeludo-480x480.jpeg 480w\" sizes=\"(max-width: 350px) 100vw, 350px\" \/><figcaption id=\"caption-attachment-54227\" class=\"wp-caption-text\"><span style=\"font-size: 8pt;\">Escova massageadora couro cabeludo em silicone &#8211; Cr\u00e9ditos: <a href=\"https:\/\/shopee.com.br\/mega.master\" target=\"_blank\" rel=\"noopener\">Mega Master<\/a><\/span><\/figcaption><\/figure>\n<p style=\"text-align: center;\"><span style=\"font-weight: 400;\"><a href=\"https:\/\/shopee.com.br\/list\/Escova\/Massageadora\" class=\"su-button su-button-style-default\" style=\"color:#FFFFFF;background-color:#ee4d2d;border-color:#bf3e24;border-radius:6px\" target=\"_self\"><span style=\"color:#FFFFFF;padding:0px 18px;font-size:14px;line-height:28px;border-color:#f4836c;border-radius:6px;text-shadow:none\"> Compre Aqui<\/span><\/a><\/span><\/p>\n<h3 id='11-saiba-que-a-vitamina-e-\u00e9-muito-importante'  id=\"boomdevs_12\"><b>11. Saiba que a vitamina E \u00e9 muito importante<\/b><\/h3>\n<p><span style=\"font-weight: 400;\">A vitamina E \u00e9 um antioxidante que desempenha um papel vital na prote\u00e7\u00e3o dos cabelos contra danos causados pelos radicais livres. Ela ajuda a manter a integridade dos fios e a prevenir a quebra.<\/span><\/p>\n<p><span style=\"font-weight: 400;\">Voc\u00ea pode encontrar vitamina E em alimentos como am\u00eandoas, sementes de girassol, azeite de oliva e abacate.<\/span><\/p>\n<p><span style=\"font-weight: 400;\">Al\u00e9m disso, suplementos de vitamina E tamb\u00e9m podem ser considerados, sempre com orienta\u00e7\u00e3o de um profissional de sa\u00fade.<\/span><\/p>\n<h3 id='12-aposte-em-umecta\u00e7\u00f5es'  id=\"boomdevs_13\"><b>12. Aposte em umecta\u00e7\u00f5es<\/b><\/h3>\n<p><span style=\"font-weight: 400;\">A umecta\u00e7\u00e3o capilar \u00e9 um tratamento em que voc\u00ea aplica <\/span><a href=\"https:\/\/shopee.com.br\/list\/%C3%93leo%20Capilar\"><span style=\"font-weight: 400;\">\u00f3leos capilare<\/span><\/a><span style=\"font-weight: 400;\">s nos fios antes de lav\u00e1-los. Isso ajuda a nutrir profundamente os fios e a reter a umidade, tornando-os mais fortes e menos propensos \u00e0 quebra.<\/span><\/p>\n<p><span style=\"font-weight: 400;\">Massageie o \u00f3leo da sua prefer\u00eancia nos fios, deixe-o agir por algumas horas ou durante a noite e depois lave normalmente.<\/span><\/p>\n<p><span style=\"font-weight: 400;\">No site e no app da Shopee, voc\u00ea encontra diversos tipos de \u00f3leos vegetais para incluir na sua rotina de cuidados com os fios, como fazer cronograma capilar ou somente a umecta\u00e7\u00e3o.<\/span><\/p>\n<figure id=\"attachment_54228\" aria-describedby=\"caption-attachment-54228\" style=\"width: 350px\" class=\"wp-caption aligncenter\"><img decoding=\"async\" class=\"wp-image-54228\" src=\"https:\/\/shopee.com.br\/blog\/wp-content\/uploads\/2023\/09\/como-recuperar-cabelo-quebrado-oleo-capilar.jpeg\" alt=\"como recuperar cabelo quebrado - oleo capilar\" width=\"350\" height=\"350\" srcset=\"https:\/\/shopee.com.br\/blog\/wp-content\/uploads\/2023\/09\/como-recuperar-cabelo-quebrado-oleo-capilar.jpeg 1000w, https:\/\/shopee.com.br\/blog\/wp-content\/uploads\/2023\/09\/como-recuperar-cabelo-quebrado-oleo-capilar-300x300.jpeg 300w, https:\/\/shopee.com.br\/blog\/wp-content\/uploads\/2023\/09\/como-recuperar-cabelo-quebrado-oleo-capilar-150x150.jpeg 150w, https:\/\/shopee.com.br\/blog\/wp-content\/uploads\/2023\/09\/como-recuperar-cabelo-quebrado-oleo-capilar-768x768.jpeg 768w, https:\/\/shopee.com.br\/blog\/wp-content\/uploads\/2023\/09\/como-recuperar-cabelo-quebrado-oleo-capilar-230x230.jpeg 230w, https:\/\/shopee.com.br\/blog\/wp-content\/uploads\/2023\/09\/como-recuperar-cabelo-quebrado-oleo-capilar-350x350.jpeg 350w, https:\/\/shopee.com.br\/blog\/wp-content\/uploads\/2023\/09\/como-recuperar-cabelo-quebrado-oleo-capilar-480x480.jpeg 480w\" sizes=\"(max-width: 350px) 100vw, 350px\" \/><figcaption id=\"caption-attachment-54228\" class=\"wp-caption-text\"><span style=\"font-size: 8pt;\">\u00d3leo capilar SOS Cachos \u00d3leo de Coco &#8211; Cr\u00e9ditos: <a href=\"https:\/\/shopee.com.br\/salon_line\" target=\"_blank\" rel=\"noopener\">Salon Line<\/a><\/span><\/figcaption><\/figure>\n<p style=\"text-align: center;\"><span style=\"font-weight: 400;\"><a href=\"https:\/\/shopee.com.br\/list\/%C3%93leo%20Capilar\" class=\"su-button su-button-style-default\" style=\"color:#FFFFFF;background-color:#ee4d2d;border-color:#bf3e24;border-radius:6px\" target=\"_self\"><span style=\"color:#FFFFFF;padding:0px 18px;font-size:14px;line-height:28px;border-color:#f4836c;border-radius:6px;text-shadow:none\"> Compre Aqui<\/span><\/a><\/span><\/p>\n<h3 id='13-use-touca-para-dormir'  id=\"boomdevs_14\"><b>13. Use touca para dormir<\/b><\/h3>\n<p><a href=\"https:\/\/shopee.com.br\/list\/Touca\/Cetim\"><span style=\"font-weight: 400;\">Toucas de cetim<\/span><\/a><span style=\"font-weight: 400;\"> ou seda s\u00e3o ideais para dormir, pois reduzem o atrito entre o cabelo e o travesseiro. Isso evita a quebra e o embara\u00e7amento dos fios durante a noite, mantendo o cabelo mais saud\u00e1vel.<\/span><\/p>\n<p><span style=\"font-weight: 400;\">Al\u00e9m disso, essas toucas ajudam a preservar a umidade natural dos cabelos. A Shopee conta com diversos modelos e cores de toucas para dormir. Acesse o site ou o app e escolha as suas favoritas!<\/span><\/p>\n<figure id=\"attachment_54233\" aria-describedby=\"caption-attachment-54233\" style=\"width: 350px\" class=\"wp-caption aligncenter\"><img decoding=\"async\" class=\"wp-image-54233\" src=\"https:\/\/shopee.com.br\/blog\/wp-content\/uploads\/2023\/09\/como-recuperar-cabelo-quebrado-touca-de-cetim.jpeg\" alt=\"como recuperar cabelo quebrado - touca de cetim\" width=\"350\" height=\"350\" srcset=\"https:\/\/shopee.com.br\/blog\/wp-content\/uploads\/2023\/09\/como-recuperar-cabelo-quebrado-touca-de-cetim.jpeg 1024w, https:\/\/shopee.com.br\/blog\/wp-content\/uploads\/2023\/09\/como-recuperar-cabelo-quebrado-touca-de-cetim-300x300.jpeg 300w, https:\/\/shopee.com.br\/blog\/wp-content\/uploads\/2023\/09\/como-recuperar-cabelo-quebrado-touca-de-cetim-150x150.jpeg 150w, https:\/\/shopee.com.br\/blog\/wp-content\/uploads\/2023\/09\/como-recuperar-cabelo-quebrado-touca-de-cetim-768x768.jpeg 768w, https:\/\/shopee.com.br\/blog\/wp-content\/uploads\/2023\/09\/como-recuperar-cabelo-quebrado-touca-de-cetim-1000x1000.jpeg 1000w, https:\/\/shopee.com.br\/blog\/wp-content\/uploads\/2023\/09\/como-recuperar-cabelo-quebrado-touca-de-cetim-230x230.jpeg 230w, https:\/\/shopee.com.br\/blog\/wp-content\/uploads\/2023\/09\/como-recuperar-cabelo-quebrado-touca-de-cetim-350x350.jpeg 350w, https:\/\/shopee.com.br\/blog\/wp-content\/uploads\/2023\/09\/como-recuperar-cabelo-quebrado-touca-de-cetim-480x480.jpeg 480w\" sizes=\"(max-width: 350px) 100vw, 350px\" \/><figcaption id=\"caption-attachment-54233\" class=\"wp-caption-text\"><span style=\"font-size: 8pt;\">Touca de cetim &#8211; Cr\u00e9ditos: <a href=\"https:\/\/shopee.com.br\/cleideconfec\" target=\"_blank\" rel=\"noopener\">CS Confec\u00e7\u00f5es<\/a><\/span><\/figcaption><\/figure>\n<p style=\"text-align: center;\"><span style=\"font-weight: 400;\"><a href=\"https:\/\/shopee.com.br\/list\/Touca\/Cetim\" class=\"su-button su-button-style-default\" style=\"color:#FFFFFF;background-color:#ee4d2d;border-color:#bf3e24;border-radius:6px\" target=\"_self\"><span style=\"color:#FFFFFF;padding:0px 18px;font-size:14px;line-height:28px;border-color:#f4836c;border-radius:6px;text-shadow:none\"> Compre Aqui<\/span><\/a><\/span><\/p>\n<h2 id='quais-s\u00e3o-as-principais-causas-da-quebra-de-cabelo'  id=\"boomdevs_15\"><b>Quais s\u00e3o as principais causas da quebra de cabelo?<\/b><\/h2>\n<p data-start=\"240\" data-end=\"495\">A quebra capilar pode parecer um pesadelo, mas a maioria dos motivos est\u00e1 ligada a h\u00e1bitos simples do dia a dia \u2014 e isso \u00e9 \u00f3timo, porque significa que voc\u00ea pode corrigir com facilidade. Confira os principais vil\u00f5es e como cuidar dos fios com mais carinho:<\/p>\n<ul data-start=\"497\" data-end=\"1892\">\n<li data-start=\"497\" data-end=\"800\">\n<p data-start=\"499\" data-end=\"800\"><strong data-start=\"499\" data-end=\"522\">Falta de hidrata\u00e7\u00e3o: <\/strong>Quando o cabelo n\u00e3o recebe \u00e1gua e nutrientes suficientes, ele perde elasticidade, fica ressecado e quebra com mais facilidade. Manter uma rotina de hidrata\u00e7\u00e3o \u00e9 essencial, comece por um bom shampoo e condicionador com ativos como babosa, \u00f3leo de coco ou \u00e1cido hialur\u00f4nico.<\/p>\n<\/li>\n<li data-start=\"802\" data-end=\"1138\">\n<p data-start=\"804\" data-end=\"1138\"><strong data-start=\"804\" data-end=\"847\">Secagem agressiva com toalha ou secador: <\/strong>Esfregar os fios com toalha ou usar o secador logo ap\u00f3s o banho enfraquece a fibra capilar. O ideal \u00e9 secar com uma toalha de microfibra (ou at\u00e9 uma camiseta de algod\u00e3o) e esperar o cabelo ficar parcialmente seco antes de usar ferramentas t\u00e9rmicas.<\/p>\n<\/li>\n<li data-start=\"1140\" data-end=\"1404\">\n<p data-start=\"1142\" data-end=\"1404\"><strong data-start=\"1142\" data-end=\"1168\">Uso excessivo de calor: <\/strong>Chapinha, babyliss e secador, se usados em excesso, acabam desgastando a estrutura interna do fio. Tente reduzir a frequ\u00eancia e, nos dias em que usar calor, compense com tratamentos reconstrutores ricos em queratina ou amino\u00e1cidos.<\/p>\n<\/li>\n<li data-start=\"1406\" data-end=\"1660\">\n<p data-start=\"1408\" data-end=\"1660\"><strong data-start=\"1408\" data-end=\"1430\">Excesso de qu\u00edmica: <\/strong>Fazer alisamento, colora\u00e7\u00e3o e descolora\u00e7\u00e3o em intervalos curtos deixa os fios vulner\u00e1veis e fr\u00e1geis. Se voc\u00ea ama mudar o visual, tudo bem, s\u00f3 n\u00e3o esque\u00e7a de manter um cronograma capilar equilibrado, com foco em reconstru\u00e7\u00e3o.<\/p>\n<\/li>\n<li data-start=\"1662\" data-end=\"1892\">\n<p data-start=\"1664\" data-end=\"1892\"><strong data-start=\"1664\" data-end=\"1696\">Dormir com fronha de algod\u00e3o: <\/strong>O atrito com a fronha tradicional pode quebrar os fios durante o sono. Prefira fronhas de cetim ou seda, que deslizam melhor e ainda ajudam a manter o cabelo alinhado e a pele mais hidratada.<\/p>\n<\/li>\n<\/ul>\n<h2 id='qual-\u00e9-a-diferen\u00e7a-entre-queda-e-quebra-de-cabelo'  id=\"boomdevs_16\"><b>Qual \u00e9 a diferen\u00e7a entre queda e quebra de cabelo?<\/b><\/h2>\n<p><span style=\"font-weight: 400;\">A diferen\u00e7a fundamental entre queda e quebra de cabelo est\u00e1 na origem do problema e na forma como os cabelos s\u00e3o perdidos.\u00a0<\/span><\/p>\n<p><span style=\"font-weight: 400;\">A queda de cabelo \u00e9 a perda de fios que se soltam naturalmente do couro cabeludo, devido ao ciclo normal de crescimento e renova\u00e7\u00e3o capilar. A quebra ocorre quando os fios se rompem ao longo do comprimento, geralmente devido a danos, fragilidade ou exposi\u00e7\u00e3o a fatores externos agressivos.<\/span><\/p>\n<p><span style=\"font-weight: 400;\">Como recuperar cabelo quebrado \u00e9 uma tarefa que exige aten\u00e7\u00e3o, \u00e9 importante adotar cuidados espec\u00edficos, que fortale\u00e7am os fios e previnam a quebra. Isso inclui a escolha de produtos de cuidados capilares adequados, o uso moderado de fontes de calor excessivo, a ado\u00e7\u00e3o de um cronograma capilar e de uma dieta saud\u00e1vel.<\/span><\/p>\n<p><span style=\"font-weight: 400;\">Al\u00e9m disso, pr\u00e1ticas como evitar penteados muito apertados, usar toalhas de microfibra e prestar aten\u00e7\u00e3o ao manusear e pentear o cabelo tamb\u00e9m s\u00e3o cruciais para evitar a quebra e recuperar a vitalidade dos fios.<\/span><\/p>\n<h2 id='procurando-por-produtos-capilares-em-oferta-olha-na-shopee'  id=\"boomdevs_17\"><b>Procurando por produtos capilares em oferta? Olha na Shopee!<\/b><\/h2>\n<p><span style=\"font-weight: 400;\">Agora, voc\u00ea j\u00e1 sabe tudo sobre <\/span>como recuperar cabelo quebrado<span style=\"font-weight: 400;\">, \u00e9 hora de ir \u00e0s compras e encontrar os seus produtos favoritos com seguran\u00e7a e custo-benef\u00edcio atrativo na Shopee!\u00a0<\/span><\/p>\n<p><span style=\"font-weight: 400;\">Lembre-se de seguir a Shopee nas redes sociais (<\/span><a href=\"https:\/\/twitter.com\/shopee_br\" target=\"_blank\" rel=\"noopener\"><span style=\"font-weight: 400;\">X\/Twitter<\/span><\/a><span style=\"font-weight: 400;\">, <\/span><a href=\"https:\/\/pt-br.facebook.com\/ShopeeBR\/\" target=\"_blank\" rel=\"noopener\"><span style=\"font-weight: 400;\">Facebook<\/span><\/a><span style=\"font-weight: 400;\">, <\/span><a href=\"https:\/\/www.instagram.com\/shopee_br\/?hl=pt-br\" target=\"_blank\" rel=\"noopener\"><span style=\"font-weight: 400;\">Instagram<\/span><\/a><span style=\"font-weight: 400;\"> e <\/span><a href=\"https:\/\/t.me\/s\/shopee_br\" target=\"_blank\" rel=\"noopener\"><span style=\"font-weight: 400;\">Telegram<\/span><\/a><span style=\"font-weight: 400;\">), para ficar de olho nas principais novidades e outras promo\u00e7\u00f5es!<\/span><\/p>\n<p><span style=\"font-weight: 400;\">Acesse nosso site ou app e aproveite os descontos, basta <\/span><a href=\"https:\/\/shopee.com.br\/web\" target=\"_blank\" rel=\"noopener\"><span style=\"font-weight: 400;\">baixar o APP<\/span><\/a><span style=\"font-weight: 400;\"> para conhecer todas as vantagens de ser um cliente Shopee. Boas compras!<\/span><\/p>\n<p><b>Leia tamb\u00e9<\/b><strong>m: <a href=\"https:\/\/shopee.com.br\/blog\/qual-a-melhor-escova-secadora-e-como-escolher\/\" target=\"_blank\" rel=\"noopener\">Descubra qual a melhor escova secadora ideal para voc\u00ea<\/a><\/strong><\/p>\n","protected":false},"excerpt":{"rendered":"<p>O que voc\u00ea vai encontrar neste artigo? Se o seu cabelo est\u00e1 com pontas fr\u00e1geis, quebrando com facilidade ou sem vida, este conte\u00fado vai te mostrar como virar esse jogo. Aqui, voc\u00ea vai entender as principais causas do cabelo quebrado e, mais importante, como trat\u00e1-lo da maneira certa. Vamos falar sobre os melhores produtos para [&hellip;]<\/p>\n","protected":false},"author":20,"featured_media":57950,"comment_status":"open","ping_status":"open","sticky":false,"template":"","format":"standard","meta":{"jnews-multi-image_gallery":[],"jnews_single_post":{"format":"standard","override":[{"template":"7","parallax":"1","layout":"right-sidebar","sidebar":"home","second_sidebar":"default-sidebar","sticky_sidebar":"1","share_position":"bottom","share_float_style":"share-monocrhome","show_share_counter":"1","show_view_counter":"1","show_featured":"1","show_post_meta":"1","show_post_author":"1","show_post_author_image":"1","show_post_date":"1","post_date_format":"default","post_date_format_custom":"Y\/m\/d","show_post_category":"1","show_post_reading_time":"1","post_reading_time_wpm":"300","post_calculate_word_method":"str_word_count","show_zoom_button":"0","zoom_button_out_step":"2","zoom_button_in_step":"3","show_post_tag":"1","show_prev_next_post":"1","show_popup_post":"1","number_popup_post":"3","show_author_box":"1","show_post_related":"0","show_inline_post_related":"0"}],"image_override":[{"single_post_thumbnail_size":"crop-500","single_post_gallery_size":"crop-715"}],"trending_post_position":"meta","trending_post_label":"Trending","sponsored_post_label":"Sponsored by","disable_ad":"0","subtitle":""},"jnews_primary_category":[],"jnews_social_meta":[],"jnews_review":[],"enable_review":"","type":"percentage","name":"","summary":"","brand":"","sku":"","good":[],"bad":[],"score_override":"","override_value":"","rating":[],"price":[],"footnotes":""},"categories":[142],"tags":[134,192,191],"class_list":["post-54213","post","type-post","status-publish","format-standard","has-post-thumbnail","hentry","category-beleza","tag-beauty-club-shopee","tag-dicas-de-beleza","tag-produtos-de-beleza"],"_links":{"self":[{"href":"https:\/\/shopee.com.br\/blog\/wp-json\/wp\/v2\/posts\/54213","targetHints":{"allow":["GET"]}}],"collection":[{"href":"https:\/\/shopee.com.br\/blog\/wp-json\/wp\/v2\/posts"}],"about":[{"href":"https:\/\/shopee.com.br\/blog\/wp-json\/wp\/v2\/types\/post"}],"author":[{"embeddable":true,"href":"https:\/\/shopee.com.br\/blog\/wp-json\/wp\/v2\/users\/20"}],"replies":[{"embeddable":true,"href":"https:\/\/shopee.com.br\/blog\/wp-json\/wp\/v2\/comments?post=54213"}],"version-history":[{"count":2,"href":"https:\/\/shopee.com.br\/blog\/wp-json\/wp\/v2\/posts\/54213\/revisions"}],"predecessor-version":[{"id":63803,"href":"https:\/\/shopee.com.br\/blog\/wp-json\/wp\/v2\/posts\/54213\/revisions\/63803"}],"wp:featuredmedia":[{"embeddable":true,"href":"https:\/\/shopee.com.br\/blog\/wp-json\/wp\/v2\/media\/57950"}],"wp:attachment":[{"href":"https:\/\/shopee.com.br\/blog\/wp-json\/wp\/v2\/media?parent=54213"}],"wp:term":[{"taxonomy":"category","embeddable":true,"href":"https:\/\/shopee.com.br\/blog\/wp-json\/wp\/v2\/categories?post=54213"},{"taxonomy":"post_tag","embeddable":true,"href":"https:\/\/shopee.com.br\/blog\/wp-json\/wp\/v2\/tags?post=54213"}],"curies":[{"name":"wp","href":"https:\/\/api.w.org\/{rel}","templated":true}]}}