{"id":55691,"date":"2025-07-13T10:00:03","date_gmt":"2025-07-13T13:00:03","guid":{"rendered":"https:\/\/shopee.com.br\/blog\/?p=55691"},"modified":"2025-09-25T15:41:21","modified_gmt":"2025-09-25T18:41:21","slug":"penteados-para-cabelo-curto","status":"publish","type":"post","link":"https:\/\/shopee.com.br\/blog\/penteados-para-cabelo-curto\/","title":{"rendered":"Penteados para cabelo curto: ideias pr\u00e1ticas e estilosas"},"content":{"rendered":"<p data-start=\"353\" data-end=\"397\"><strong>O que voc\u00ea vai encontrar neste artigo?<\/strong><\/p>\n<p data-start=\"398\" data-end=\"646\">Se voc\u00ea ama seu cabelo curto, mas sente que as op\u00e7\u00f5es de penteado s\u00e3o limitadas, este artigo \u00e9 para voc\u00ea! Aqui, voc\u00ea vai conhecer penteados vers\u00e1teis e criativos que funcionam para diferentes ocasi\u00f5es, desde o dia a dia at\u00e9 eventos especiais.<\/p>\n<p data-start=\"648\" data-end=\"949\">Mostramos ideias como: coques modernos, tran\u00e7as discretas, ondas suaves e acess\u00f3rios que d\u00e3o um up instant\u00e2neo no visual.<\/p>\n<p data-start=\"648\" data-end=\"949\">Tudo explicado de forma pr\u00e1tica, com dicas de estilistas e especialistas em beleza que testaram cada look. Assim, voc\u00ea consegue inovar e se sentir confiante sem complica\u00e7\u00e3o.<\/p>\n<h2 id='quais-os-melhores-penteados-para-cabelo-curto'  id=\"boomdevs_1\"><b>Quais os melhores penteados para cabelo curto?<\/b><\/h2>\n<h3 id='1-coque'  id=\"boomdevs_2\"><b>1. Coque<\/b><\/h3>\n<p>Um dos penteados cl\u00e1ssicos para cabelo curto \u00e9 o coque, e a boa not\u00edcia \u00e9 que ele nunca sai de moda! Mesmo com fios mais curtos, \u00e9 poss\u00edvel criar diferentes estilos de coque, do mais tradicional ao mais moderno e bagun\u00e7ado.<\/p>\n<p><strong>Passo 1:<\/strong> use os dedos ou um pente de dentes largos para direcionar o cabelo para o topo ou para a nuca, dependendo do tipo de coque que deseja;<br \/>\n<strong>Passo 2:<\/strong> prenda o cabelo com um el\u00e1stico firme, mas sem apertar demais, deixando um pouco de volume para um acabamento mais natural;<br \/>\n<strong>Passo 3:<\/strong> se quiser um coque bagun\u00e7ado, solte algumas mechas na frente ou nas laterais e use os dedos para modelar;<br \/>\n<strong>Passo 4:<\/strong> para um toque elegante, voc\u00ea pode adicionar pontos de luz, presilhas ou grampos decorativos;<br \/>\n<strong>Passo 5:<\/strong> se quiser inovar, fa\u00e7a uma tran\u00e7a lateral que se una ao coque ou esconda as pontas por dentro do coque, criando uma curvatura discreta e sofisticada.<\/p>\n<p>&nbsp;<\/p>\n<figure id=\"attachment_55692\" aria-describedby=\"caption-attachment-55692\" style=\"width: 350px\" class=\"wp-caption aligncenter\"><img decoding=\"async\" class=\"wp-image-55692\" src=\"https:\/\/shopee.com.br\/blog\/wp-content\/uploads\/2023\/12\/penteados-para-cabelo-curto-coque-233x300.jpg\" alt=\"\" width=\"350\" height=\"451\" srcset=\"https:\/\/shopee.com.br\/blog\/wp-content\/uploads\/2023\/12\/penteados-para-cabelo-curto-coque-233x300.jpg 233w, https:\/\/shopee.com.br\/blog\/wp-content\/uploads\/2023\/12\/penteados-para-cabelo-curto-coque-795x1024.jpg 795w, https:\/\/shopee.com.br\/blog\/wp-content\/uploads\/2023\/12\/penteados-para-cabelo-curto-coque-768x989.jpg 768w, https:\/\/shopee.com.br\/blog\/wp-content\/uploads\/2023\/12\/penteados-para-cabelo-curto-coque-1193x1536.jpg 1193w, https:\/\/shopee.com.br\/blog\/wp-content\/uploads\/2023\/12\/penteados-para-cabelo-curto-coque-1000x1288.jpg 1000w, https:\/\/shopee.com.br\/blog\/wp-content\/uploads\/2023\/12\/penteados-para-cabelo-curto-coque-230x296.jpg 230w, https:\/\/shopee.com.br\/blog\/wp-content\/uploads\/2023\/12\/penteados-para-cabelo-curto-coque-350x451.jpg 350w, https:\/\/shopee.com.br\/blog\/wp-content\/uploads\/2023\/12\/penteados-para-cabelo-curto-coque-480x618.jpg 480w, https:\/\/shopee.com.br\/blog\/wp-content\/uploads\/2023\/12\/penteados-para-cabelo-curto-coque.jpg 1337w\" sizes=\"(max-width: 350px) 100vw, 350px\" \/><figcaption id=\"caption-attachment-55692\" class=\"wp-caption-text\">Coque para cabelo curto<\/figcaption><\/figure>\n<h3 id='2-rabo-de-cavalo'  id=\"boomdevs_3\"><b>2. Rabo de cavalo<\/b><\/h3>\n<p data-start=\"183\" data-end=\"376\">O rabo de cavalo \u00e9 um cl\u00e1ssico que funciona super bem em cabelo curto. Ele \u00e9 simples, elegante e ainda permite v\u00e1rios estilos para combinar com a sua personalidade e o movimento dos fios. Para fazer, siga estes passos:<\/p>\n<p data-start=\"412\" data-end=\"1107\"><strong data-start=\"412\" data-end=\"424\">Passo 1:<\/strong> use os dedos ou um pente de dentes largos para direcionar o cabelo para o ponto onde deseja prender o rabo \u2014 alto, baixo ou lateral;<br data-start=\"557\" data-end=\"560\" \/><strong data-start=\"560\" data-end=\"572\">Passo 2:<\/strong> prenda o cabelo com um el\u00e1stico firme, sem apertar demais, deixando um pouco de volume na raiz;<br data-start=\"668\" data-end=\"671\" \/><strong data-start=\"671\" data-end=\"683\">Passo 3:<\/strong> se quiser um visual mais bagun\u00e7ado e moderno, solte algumas mechas na frente ou nas laterais e use os dedos para ajeitar;<br data-start=\"805\" data-end=\"808\" \/><strong data-start=\"808\" data-end=\"820\">Passo 4:<\/strong> para quem tem cabelo com mais volume, o rabo de cavalo lateralizado fica incr\u00edvel, destacando a textura natural dos fios;<br data-start=\"942\" data-end=\"945\" \/><strong data-start=\"945\" data-end=\"957\" data-is-only-node=\"\">Passo 5:<\/strong> para um toque extra de estilo, fa\u00e7a um leve topete ou amasse levemente a parte de cima do cabelo para dar aquele efeito \u201cbagun\u00e7ado despretensioso\u201d.<\/p>\n<figure id=\"attachment_55697\" aria-describedby=\"caption-attachment-55697\" style=\"width: 350px\" class=\"wp-caption aligncenter\"><img decoding=\"async\" class=\"wp-image-55697\" src=\"https:\/\/shopee.com.br\/blog\/wp-content\/uploads\/2023\/12\/penteados-para-cabelo-curto-rabo-300x300.jpg\" alt=\"\" width=\"350\" height=\"350\" srcset=\"https:\/\/shopee.com.br\/blog\/wp-content\/uploads\/2023\/12\/penteados-para-cabelo-curto-rabo-300x300.jpg 300w, https:\/\/shopee.com.br\/blog\/wp-content\/uploads\/2023\/12\/penteados-para-cabelo-curto-rabo-1024x1024.jpg 1024w, https:\/\/shopee.com.br\/blog\/wp-content\/uploads\/2023\/12\/penteados-para-cabelo-curto-rabo-150x150.jpg 150w, https:\/\/shopee.com.br\/blog\/wp-content\/uploads\/2023\/12\/penteados-para-cabelo-curto-rabo-768x768.jpg 768w, https:\/\/shopee.com.br\/blog\/wp-content\/uploads\/2023\/12\/penteados-para-cabelo-curto-rabo-1000x1000.jpg 1000w, https:\/\/shopee.com.br\/blog\/wp-content\/uploads\/2023\/12\/penteados-para-cabelo-curto-rabo-230x230.jpg 230w, https:\/\/shopee.com.br\/blog\/wp-content\/uploads\/2023\/12\/penteados-para-cabelo-curto-rabo-350x350.jpg 350w, https:\/\/shopee.com.br\/blog\/wp-content\/uploads\/2023\/12\/penteados-para-cabelo-curto-rabo-480x480.jpg 480w, https:\/\/shopee.com.br\/blog\/wp-content\/uploads\/2023\/12\/penteados-para-cabelo-curto-rabo.jpg 1080w\" sizes=\"(max-width: 350px) 100vw, 350px\" \/><figcaption id=\"caption-attachment-55697\" class=\"wp-caption-text\">Rabo de cavalo para cabelo curto<\/figcaption><\/figure>\n<h3 id='3-tran\u00e7as'  id=\"boomdevs_4\"><b>3. Tran\u00e7as<\/b><\/h3>\n<p data-start=\"159\" data-end=\"411\">As tran\u00e7as s\u00e3o vers\u00e1teis e funcionam muito bem em cabelos curtos, sendo uma \u00f3tima op\u00e7\u00e3o para variar o visual. Elas podem ser usadas sozinhas, combinadas com coque ou rabo de cavalo, ou at\u00e9 em penteados semi presos, deixando parte do cabelo solto.<\/p>\n<p data-start=\"413\" data-end=\"469\">Para criar um penteado com tran\u00e7as, siga estes passos:<\/p>\n<p data-start=\"471\" data-end=\"1119\"><strong data-start=\"471\" data-end=\"483\">Passo 1:<\/strong> separe a mecha de cabelo que deseja tran\u00e7ar, podendo ser na lateral ou no topo da cabe\u00e7a;<br data-start=\"573\" data-end=\"576\" \/><strong data-start=\"576\" data-end=\"588\">Passo 2:<\/strong> fa\u00e7a a tran\u00e7a simples, embutida ou tipo espinha de peixe, conforme preferir;<br data-start=\"665\" data-end=\"668\" \/><strong data-start=\"668\" data-end=\"680\">Passo 3:<\/strong> prenda a ponta com um el\u00e1stico pequeno ou deixe solta se for unir com outro penteado;<br data-start=\"766\" data-end=\"769\" \/><strong data-start=\"769\" data-end=\"781\">Passo 4:<\/strong> se quiser, combine a tran\u00e7a com um rabo de cavalo ou coque, prendendo-a junto ao restante do cabelo;<br data-start=\"882\" data-end=\"885\" \/><strong data-start=\"885\" data-end=\"897\" data-is-only-node=\"\">Passo 5:<\/strong> solte alguns fios para um efeito mais natural e bagun\u00e7ado, deixando o visual charmoso, sensual e moderno;<br data-start=\"1003\" data-end=\"1006\" \/><strong data-start=\"1006\" data-end=\"1018\">Passo 6:<\/strong> para quem tem pouco volume, a tran\u00e7a ajuda a dar a impress\u00e3o de mais densidade e textura aos fios.<\/p>\n<figure id=\"attachment_55696\" aria-describedby=\"caption-attachment-55696\" style=\"width: 350px\" class=\"wp-caption aligncenter\"><img decoding=\"async\" class=\"wp-image-55696\" src=\"https:\/\/shopee.com.br\/blog\/wp-content\/uploads\/2023\/12\/penteados-para-cabelo-curto-tranca-250x300.jpg\" alt=\"\" width=\"350\" height=\"420\" srcset=\"https:\/\/shopee.com.br\/blog\/wp-content\/uploads\/2023\/12\/penteados-para-cabelo-curto-tranca-250x300.jpg 250w, https:\/\/shopee.com.br\/blog\/wp-content\/uploads\/2023\/12\/penteados-para-cabelo-curto-tranca-230x276.jpg 230w, https:\/\/shopee.com.br\/blog\/wp-content\/uploads\/2023\/12\/penteados-para-cabelo-curto-tranca-350x420.jpg 350w, https:\/\/shopee.com.br\/blog\/wp-content\/uploads\/2023\/12\/penteados-para-cabelo-curto-tranca-480x576.jpg 480w, https:\/\/shopee.com.br\/blog\/wp-content\/uploads\/2023\/12\/penteados-para-cabelo-curto-tranca.jpg 600w\" sizes=\"(max-width: 350px) 100vw, 350px\" \/><figcaption id=\"caption-attachment-55696\" class=\"wp-caption-text\">Tran\u00e7as para cabelo curto<\/figcaption><\/figure>\n<h3 id='4-cabelo-semi-preso'  id=\"boomdevs_5\"><b>4. Cabelo semi preso<\/b><\/h3>\n<p data-start=\"133\" data-end=\"349\">O penteado semi preso \u00e9 \u00f3timo para quem tem a frente do cabelo mais curta e n\u00e3o consegue prender tudo em um coque ou rabo de cavalo. Ele \u00e9 super vers\u00e1til e permite criar looks diferentes, do casual ao elegante.<\/p>\n<p data-start=\"351\" data-end=\"419\">Para fazer um semi preso em cabelo curto, siga este passo a passo:<\/p>\n<p data-start=\"421\" data-end=\"1002\"><strong data-start=\"421\" data-end=\"433\">Passo 1:<\/strong> separe a mecha da frente ou lateral que deseja prender;<br data-start=\"489\" data-end=\"492\" \/><strong data-start=\"492\" data-end=\"504\">Passo 2:<\/strong> escolha se vai usar tran\u00e7a, torcidinho ou acess\u00f3rio (como presilha ou tic-tac) para fixar essa parte;<br data-start=\"606\" data-end=\"609\" \/><strong data-start=\"609\" data-end=\"621\">Passo 3:<\/strong> prenda a mecha escolhida, deixando o restante do cabelo solto;<br data-start=\"684\" data-end=\"687\" \/><strong data-start=\"687\" data-end=\"699\">Passo 4:<\/strong> ajuste os fios soltos com os dedos ou pente fino para dar volume e movimento natural;<br data-start=\"785\" data-end=\"788\" \/><strong data-start=\"788\" data-end=\"800\" data-is-only-node=\"\">Passo 5:<\/strong> finalize com spray fixador leve, se quiser que o penteado dure mais tempo;<br data-start=\"875\" data-end=\"878\" \/><strong data-start=\"878\" data-end=\"890\">Passo 6:<\/strong> experimente combinar com acess\u00f3rios ou pequenas tran\u00e7as laterais para um estilo mais ousado ou personalizado.<\/p>\n<figure id=\"attachment_55693\" aria-describedby=\"caption-attachment-55693\" style=\"width: 350px\" class=\"wp-caption aligncenter\"><img decoding=\"async\" class=\"wp-image-55693\" src=\"https:\/\/shopee.com.br\/blog\/wp-content\/uploads\/2023\/12\/penteados-para-cabelo-curto-semipreso-240x300.jpg\" alt=\"\" width=\"350\" height=\"438\" srcset=\"https:\/\/shopee.com.br\/blog\/wp-content\/uploads\/2023\/12\/penteados-para-cabelo-curto-semipreso-240x300.jpg 240w, https:\/\/shopee.com.br\/blog\/wp-content\/uploads\/2023\/12\/penteados-para-cabelo-curto-semipreso-230x288.jpg 230w, https:\/\/shopee.com.br\/blog\/wp-content\/uploads\/2023\/12\/penteados-para-cabelo-curto-semipreso-350x438.jpg 350w, https:\/\/shopee.com.br\/blog\/wp-content\/uploads\/2023\/12\/penteados-para-cabelo-curto-semipreso-480x600.jpg 480w, https:\/\/shopee.com.br\/blog\/wp-content\/uploads\/2023\/12\/penteados-para-cabelo-curto-semipreso.jpg 564w\" sizes=\"(max-width: 350px) 100vw, 350px\" \/><figcaption id=\"caption-attachment-55693\" class=\"wp-caption-text\">Cabelo curto semi preso<\/figcaption><\/figure>\n<h3 id='5-penteado-com-turbante'  id=\"boomdevs_6\"><b>5. Penteado com turbante<\/b><\/h3>\n<p><span style=\"font-weight: 400;\">Um dos penteados para cabelo curto que est\u00e1 em alta s\u00e3o aqueles com turbantes. O turbante se tornou um acess\u00f3rio de todas, principalmente daquelas que possuem cabelo afro. Voc\u00ea pode us\u00e1-lo na hora de prender o cabelo para cima, num coque alto, por exemplo.\u00a0<\/span><\/p>\n<p><span style=\"font-weight: 400;\">Para fazer \u00e9 bem simples:<\/span><\/p>\n<ul>\n<li style=\"font-weight: 400;\" aria-level=\"1\"><span style=\"font-weight: 400;\">Passo 1: com o uso dos dedos ou com um pente de dentes largos, leve todo o cabelo para o topo da cabe\u00e7a;<\/span><\/li>\n<li style=\"font-weight: 400;\" aria-level=\"1\"><span style=\"font-weight: 400;\">Passo 2: prenda com um el\u00e1stico de forma firme o suficiente, mas n\u00e3o demais, pois \u00e9 preciso deixar um pouco de volume;<\/span><\/li>\n<li style=\"font-weight: 400;\" aria-level=\"1\"><span style=\"font-weight: 400;\">Passo 3: ajeite os cachos que v\u00e3o ficar soltos, modelando-os como preferir. Nessa hora, usar os dedos \u00e9 a melhor op\u00e7\u00e3o, pois definem melhor os fios;<\/span><\/li>\n<li style=\"font-weight: 400;\" aria-level=\"1\"><span style=\"font-weight: 400;\">Passo 4: e, para finalizar, passe o turbante em volta da cabe\u00e7a e fa\u00e7a a amarra\u00e7\u00e3o que preferir.<\/span><\/li>\n<\/ul>\n<figure id=\"attachment_55705\" aria-describedby=\"caption-attachment-55705\" style=\"width: 350px\" class=\"wp-caption aligncenter\"><img decoding=\"async\" class=\"wp-image-55705\" src=\"https:\/\/shopee.com.br\/blog\/wp-content\/uploads\/2023\/12\/penteados-para-cabelo-curto-turbante-1.jpg\" alt=\"\" width=\"350\" height=\"350\" srcset=\"https:\/\/shopee.com.br\/blog\/wp-content\/uploads\/2023\/12\/penteados-para-cabelo-curto-turbante-1.jpg 300w, https:\/\/shopee.com.br\/blog\/wp-content\/uploads\/2023\/12\/penteados-para-cabelo-curto-turbante-1-150x150.jpg 150w, https:\/\/shopee.com.br\/blog\/wp-content\/uploads\/2023\/12\/penteados-para-cabelo-curto-turbante-1-230x230.jpg 230w\" sizes=\"(max-width: 350px) 100vw, 350px\" \/><figcaption id=\"caption-attachment-55705\" class=\"wp-caption-text\">Penteado com turbante para cabelo curto<\/figcaption><\/figure>\n<h3 id='6-volume-alto'  id=\"boomdevs_7\"><b>6. Volume alto<\/b><\/h3>\n<p data-start=\"124\" data-end=\"363\">O penteado volume alto \u00e9 ideal para quem quer um look moderno e elegante, perfeito para festas, eventos ou at\u00e9 para o dia a dia no trabalho. Ele cria aquele efeito de topete no topo da cabe\u00e7a, dando destaque e sofistica\u00e7\u00e3o ao visual.<\/p>\n<p data-start=\"365\" data-end=\"427\">Para fazer um volume alto em cabelo curto, siga estas dicas:<\/p>\n<p data-start=\"429\" data-end=\"959\"><strong data-start=\"429\" data-end=\"441\">Passo 1:<\/strong> separe a mecha da frente ou do topo da cabe\u00e7a que vai criar o volume;<br data-start=\"511\" data-end=\"514\" \/><strong data-start=\"514\" data-end=\"526\">Passo 2:<\/strong> use um pente fino ou escova para levantar suavemente os fios, criando o topete;<br data-start=\"606\" data-end=\"609\" \/><strong data-start=\"609\" data-end=\"621\">Passo 3:<\/strong> prenda a mecha com presilhas discretas, se necess\u00e1rio, para manter o volume;<br data-start=\"698\" data-end=\"701\" \/><strong data-start=\"701\" data-end=\"713\">Passo 4:<\/strong> finalize com spray fixador leve, para garantir que o penteado dure sem perder o movimento natural;<br data-start=\"812\" data-end=\"815\" \/><strong data-start=\"815\" data-end=\"827\" data-is-only-node=\"\">Passo 5:<\/strong> se quiser ousar, combine o volume alto com tran\u00e7as laterais, coque ou cabelo semi preso, criando um look \u00fanico e cheio de estilo.<\/p>\n<figure id=\"attachment_55695\" aria-describedby=\"caption-attachment-55695\" style=\"width: 350px\" class=\"wp-caption aligncenter\"><img decoding=\"async\" class=\"wp-image-55695\" src=\"https:\/\/shopee.com.br\/blog\/wp-content\/uploads\/2023\/12\/penteados-para-cabelo-curto-volume-alto-225x300.jpg\" alt=\"\" width=\"350\" height=\"467\" srcset=\"https:\/\/shopee.com.br\/blog\/wp-content\/uploads\/2023\/12\/penteados-para-cabelo-curto-volume-alto-225x300.jpg 225w, https:\/\/shopee.com.br\/blog\/wp-content\/uploads\/2023\/12\/penteados-para-cabelo-curto-volume-alto-230x307.jpg 230w, https:\/\/shopee.com.br\/blog\/wp-content\/uploads\/2023\/12\/penteados-para-cabelo-curto-volume-alto-350x467.jpg 350w, https:\/\/shopee.com.br\/blog\/wp-content\/uploads\/2023\/12\/penteados-para-cabelo-curto-volume-alto-480x640.jpg 480w, https:\/\/shopee.com.br\/blog\/wp-content\/uploads\/2023\/12\/penteados-para-cabelo-curto-volume-alto.jpg 500w\" sizes=\"(max-width: 350px) 100vw, 350px\" \/><figcaption id=\"caption-attachment-55695\" class=\"wp-caption-text\">Cabelo curto com volume no topo<\/figcaption><\/figure>\n<h2 id='como-estilizar-cabelo-curto'  id=\"boomdevs_8\"><b>Como estilizar cabelo curto?<\/b><\/h2>\n<p>Estilizar cabelo curto pode ser mais f\u00e1cil do que parece e d\u00e1 para criar looks supervers\u00e1teis sem muito esfor\u00e7o. O segredo est\u00e1 em usar os produtos certos, t\u00e9cnicas pr\u00e1ticas e acess\u00f3rios estrat\u00e9gicos.<\/p>\n<h3 id='usando-mousse'  id=\"boomdevs_9\"><b>Usando mousse<\/b><\/h3>\n<p><span style=\"font-weight: 400;\">O <\/span><a href=\"https:\/\/shopee.com.br\/list\/Mousse%20de%20Cabelo\"><span style=\"font-weight: 400;\">mousse<\/span><\/a><span style=\"font-weight: 400;\"> \u00e9, sem d\u00favidas, um \u00f3timo companheiro quando o assunto \u00e9 penteados para cabelo curto e ele \u00e9 indicado, principalmente, para cumprir 2 objetivos: oferecer maior fixa\u00e7\u00e3o e tamb\u00e9m maior volume aos fios. \u00c9 indicado tanto para cabelo liso, quanto para cabelo cacheado.<\/span><\/p>\n<p><span style=\"font-weight: 400;\">Para que o produto fixe bem nos fios, a dica \u00e9 espalhar bem e fazer movimentos como se estivesse amassando os fios. Voc\u00ea tamb\u00e9m pode espalhar o mousse mecha por mecha ou ent\u00e3o us\u00e1-lo para criar um topete (como num penteado de volume alto, por exemplo).<\/span><\/p>\n<figure id=\"attachment_55700\" aria-describedby=\"caption-attachment-55700\" style=\"width: 350px\" class=\"wp-caption aligncenter\"><img decoding=\"async\" class=\"wp-image-55700\" src=\"https:\/\/shopee.com.br\/blog\/wp-content\/uploads\/2023\/12\/penteados-para-cabelo-curto-mousse.jpg\" alt=\"penteados para cabelo curto - mousse\" width=\"350\" height=\"350\" srcset=\"https:\/\/shopee.com.br\/blog\/wp-content\/uploads\/2023\/12\/penteados-para-cabelo-curto-mousse.jpg 1000w, https:\/\/shopee.com.br\/blog\/wp-content\/uploads\/2023\/12\/penteados-para-cabelo-curto-mousse-300x300.jpg 300w, https:\/\/shopee.com.br\/blog\/wp-content\/uploads\/2023\/12\/penteados-para-cabelo-curto-mousse-150x150.jpg 150w, https:\/\/shopee.com.br\/blog\/wp-content\/uploads\/2023\/12\/penteados-para-cabelo-curto-mousse-768x768.jpg 768w, https:\/\/shopee.com.br\/blog\/wp-content\/uploads\/2023\/12\/penteados-para-cabelo-curto-mousse-230x230.jpg 230w, https:\/\/shopee.com.br\/blog\/wp-content\/uploads\/2023\/12\/penteados-para-cabelo-curto-mousse-350x350.jpg 350w, https:\/\/shopee.com.br\/blog\/wp-content\/uploads\/2023\/12\/penteados-para-cabelo-curto-mousse-480x480.jpg 480w\" sizes=\"(max-width: 350px) 100vw, 350px\" \/><figcaption id=\"caption-attachment-55700\" class=\"wp-caption-text\"><span style=\"font-size: 8pt;\">Mousse redensificadora de volume Amend &#8211; Cr\u00e9ditos: <a href=\"https:\/\/shopee.com.br\/loja_da_belleza\" target=\"_blank\" rel=\"noopener\">Loja da Belleza<\/a><\/span><\/figcaption><\/figure>\n<p style=\"text-align: center;\"><span style=\"font-weight: 400;\"><a href=\"https:\/\/shopee.com.br\/list\/Mousse%20de%20Cabelo\" class=\"su-button su-button-style-default\" style=\"color:#FFFFFF;background-color:#ee4d2d;border-color:#bf3e24;border-radius:6px\" target=\"_self\"><span style=\"color:#FFFFFF;padding:0px 18px;font-size:14px;line-height:28px;border-color:#f4836c;border-radius:6px;text-shadow:none\"> Compre Aqui<\/span><\/a><\/span><\/p>\n<h3 id='shampoo-a-seco'  id=\"boomdevs_10\"><b>Shampoo a seco<\/b><\/h3>\n<p><span style=\"font-weight: 400;\">Sabia que o <\/span><a href=\"https:\/\/shopee.com.br\/list\/Shampoo\/Seco\"><span style=\"font-weight: 400;\">shampoo a seco<\/span><\/a><span style=\"font-weight: 400;\"> n\u00e3o \u00e9 apenas para aqueles dias em que o cabelo est\u00e1 sujo? Pois \u00e9, esse produto maravilhoso vai te ajudar a fazer \u00f3timos penteados.<\/span><\/p>\n<p><span style=\"font-weight: 400;\">Ele consegue dar aquele estilo meio bagun\u00e7ado nos fios, deixando o penteado para cabelo curto mais estiloso e moderno. Ele tamb\u00e9m consegue ajudar a fixar melhor os grampos (que costumam ser bem \u00fateis nesse momento) e tamb\u00e9m a dar maior volume.<\/span><\/p>\n<figure id=\"attachment_55702\" aria-describedby=\"caption-attachment-55702\" style=\"width: 350px\" class=\"wp-caption aligncenter\"><img decoding=\"async\" class=\"wp-image-55702\" src=\"https:\/\/shopee.com.br\/blog\/wp-content\/uploads\/2023\/12\/penteados-para-cabelo-curto-shampoo-a-seco.jpg\" alt=\"\" width=\"350\" height=\"350\" srcset=\"https:\/\/shopee.com.br\/blog\/wp-content\/uploads\/2023\/12\/penteados-para-cabelo-curto-shampoo-a-seco.jpg 1024w, https:\/\/shopee.com.br\/blog\/wp-content\/uploads\/2023\/12\/penteados-para-cabelo-curto-shampoo-a-seco-300x300.jpg 300w, https:\/\/shopee.com.br\/blog\/wp-content\/uploads\/2023\/12\/penteados-para-cabelo-curto-shampoo-a-seco-150x150.jpg 150w, https:\/\/shopee.com.br\/blog\/wp-content\/uploads\/2023\/12\/penteados-para-cabelo-curto-shampoo-a-seco-768x768.jpg 768w, https:\/\/shopee.com.br\/blog\/wp-content\/uploads\/2023\/12\/penteados-para-cabelo-curto-shampoo-a-seco-1000x1000.jpg 1000w, https:\/\/shopee.com.br\/blog\/wp-content\/uploads\/2023\/12\/penteados-para-cabelo-curto-shampoo-a-seco-230x230.jpg 230w, https:\/\/shopee.com.br\/blog\/wp-content\/uploads\/2023\/12\/penteados-para-cabelo-curto-shampoo-a-seco-350x350.jpg 350w, https:\/\/shopee.com.br\/blog\/wp-content\/uploads\/2023\/12\/penteados-para-cabelo-curto-shampoo-a-seco-480x480.jpg 480w\" sizes=\"(max-width: 350px) 100vw, 350px\" \/><figcaption id=\"caption-attachment-55702\" class=\"wp-caption-text\"><span style=\"font-size: 8pt;\">Shampoo a Seco Ricca &#8211; Cr\u00e9ditos: <a href=\"https:\/\/shopee.com.br\/drogaria.araujo\" target=\"_blank\" rel=\"noopener\">Drogaria Araujo<\/a><\/span><\/figcaption><\/figure>\n<p style=\"text-align: center;\"><span style=\"font-weight: 400;\"><a href=\"https:\/\/shopee.com.br\/list\/Shampoo\/Seco\" class=\"su-button su-button-style-default\" style=\"color:#FFFFFF;background-color:#ee4d2d;border-color:#bf3e24;border-radius:6px\" target=\"_self\"><span style=\"color:#FFFFFF;padding:0px 18px;font-size:14px;line-height:28px;border-color:#f4836c;border-radius:6px;text-shadow:none\"> Compre Aqui<\/span><\/a><\/span><\/p>\n<h3 id='spray-fixador'  id=\"boomdevs_11\"><b>Spray fixador<\/b><\/h3>\n<p><span style=\"font-weight: 400;\">H\u00e1, basicamente, 3 tipos de <\/span><a href=\"https:\/\/shopee.com.br\/list\/Spray%20Fixador\"><span style=\"font-weight: 400;\">spray fixador de cabelo<\/span><\/a><span style=\"font-weight: 400;\">: o <\/span><a href=\"https:\/\/shopee.com.br\/list\/Spray%20Fixador\/Extra%20Forte\"><span style=\"font-weight: 400;\">extra forte<\/span><\/a><span style=\"font-weight: 400;\">, <\/span><a href=\"https:\/\/shopee.com.br\/list\/Spray%20Fixador\/Forte\"><span style=\"font-weight: 400;\">forte<\/span><\/a><span style=\"font-weight: 400;\"> e <\/span><a href=\"https:\/\/shopee.com.br\/list\/Spray%20Fixador\/Leve\"><span style=\"font-weight: 400;\">leve<\/span><\/a><span style=\"font-weight: 400;\">. Cada tipo \u00e9 indicado para oferecer um efeito aos penteados:<\/span><\/p>\n<ul>\n<li style=\"font-weight: 400;\" aria-level=\"1\"><span style=\"font-weight: 400;\">Extra forte: ele consegue deixar o penteado bem fixo por horas e d\u00e1 aquele aspecto de cabelo molhado. \u00c9 perfeito para um visual mais cl\u00e1ssico estilo tapete vermelho;<\/span><\/li>\n<li style=\"font-weight: 400;\" aria-level=\"1\"><span style=\"font-weight: 400;\">Forte: quer penteados com fios desfiados? Ent\u00e3o, esse tipo de spray \u00e9 indicado. O mesmo vale para quem quer um penteado com volume mais alto na frente sem o aspecto molhado;<\/span><\/li>\n<li style=\"font-weight: 400;\" aria-level=\"1\"><span style=\"font-weight: 400;\">Leve: \u00e9 \u00f3timo para dar maior volume aos fios, especialmente na raiz do cabelo.<\/span><\/li>\n<\/ul>\n<figure id=\"attachment_55699\" aria-describedby=\"caption-attachment-55699\" style=\"width: 350px\" class=\"wp-caption aligncenter\"><img decoding=\"async\" class=\"wp-image-55699\" src=\"https:\/\/shopee.com.br\/blog\/wp-content\/uploads\/2023\/12\/penteados-para-cabelo-curto-fixador.jpg\" alt=\"penteados para cabelo curto - fixador\" width=\"350\" height=\"350\" srcset=\"https:\/\/shopee.com.br\/blog\/wp-content\/uploads\/2023\/12\/penteados-para-cabelo-curto-fixador.jpg 420w, https:\/\/shopee.com.br\/blog\/wp-content\/uploads\/2023\/12\/penteados-para-cabelo-curto-fixador-300x300.jpg 300w, https:\/\/shopee.com.br\/blog\/wp-content\/uploads\/2023\/12\/penteados-para-cabelo-curto-fixador-150x150.jpg 150w, https:\/\/shopee.com.br\/blog\/wp-content\/uploads\/2023\/12\/penteados-para-cabelo-curto-fixador-230x230.jpg 230w, https:\/\/shopee.com.br\/blog\/wp-content\/uploads\/2023\/12\/penteados-para-cabelo-curto-fixador-350x350.jpg 350w\" sizes=\"(max-width: 350px) 100vw, 350px\" \/><figcaption id=\"caption-attachment-55699\" class=\"wp-caption-text\"><span style=\"font-size: 8pt;\">Fixador Para Cabelo Fixa\u00e7\u00e3o Forte Cless Charming &#8211; Cr\u00e9ditos: <a href=\"https:\/\/shopee.com.br\/tudoda25\" target=\"_blank\" rel=\"noopener\">Tudo Da 25<\/a><\/span><\/figcaption><\/figure>\n<p style=\"text-align: center;\"><span style=\"font-weight: 400;\"><a href=\"https:\/\/shopee.com.br\/list\/Spray%20Fixador\" class=\"su-button su-button-style-default\" style=\"color:#FFFFFF;background-color:#ee4d2d;border-color:#bf3e24;border-radius:6px\" target=\"_self\"><span style=\"color:#FFFFFF;padding:0px 18px;font-size:14px;line-height:28px;border-color:#f4836c;border-radius:6px;text-shadow:none\"> Compre Aqui<\/span><\/a><\/span><\/p>\n<h3 id='babyliss'  id=\"boomdevs_12\"><b>Babyliss<\/b><\/h3>\n<p><span style=\"font-weight: 400;\">Essa \u00e9 uma das melhores dicas para cabelo curto porque o uso do <\/span><a href=\"https:\/\/shopee.com.br\/list\/Babyliss\"><span style=\"font-weight: 400;\">babyliss<\/span><\/a><span style=\"font-weight: 400;\"> consegue dar um visual incr\u00edvel e diferenciado na hora de fazer os penteados, especialmente se voc\u00ea pensa em um no estilo semi preso.<\/span><\/p>\n<p><span style=\"font-weight: 400;\">Voc\u00ea pode fazer, por exemplo, uma tran\u00e7a lateral embutida e usar o babyliss na parte solta do cabelo. Vai ficar incr\u00edvel e \u00e9 o tipo de penteado que voc\u00ea consegue usar tanto para o dia a dia quanto para festas como casamentos e outras usando alguns acess\u00f3rios.<\/span><\/p>\n<figure id=\"attachment_55698\" aria-describedby=\"caption-attachment-55698\" style=\"width: 350px\" class=\"wp-caption aligncenter\"><img decoding=\"async\" class=\"wp-image-55698\" src=\"https:\/\/shopee.com.br\/blog\/wp-content\/uploads\/2023\/12\/penteados-para-cabelo-curto-babyliss.jpg\" alt=\"penteados para cabelo curto - babyliss\" width=\"350\" height=\"350\" srcset=\"https:\/\/shopee.com.br\/blog\/wp-content\/uploads\/2023\/12\/penteados-para-cabelo-curto-babyliss.jpg 1000w, https:\/\/shopee.com.br\/blog\/wp-content\/uploads\/2023\/12\/penteados-para-cabelo-curto-babyliss-300x300.jpg 300w, https:\/\/shopee.com.br\/blog\/wp-content\/uploads\/2023\/12\/penteados-para-cabelo-curto-babyliss-150x150.jpg 150w, https:\/\/shopee.com.br\/blog\/wp-content\/uploads\/2023\/12\/penteados-para-cabelo-curto-babyliss-768x768.jpg 768w, https:\/\/shopee.com.br\/blog\/wp-content\/uploads\/2023\/12\/penteados-para-cabelo-curto-babyliss-230x230.jpg 230w, https:\/\/shopee.com.br\/blog\/wp-content\/uploads\/2023\/12\/penteados-para-cabelo-curto-babyliss-350x350.jpg 350w, https:\/\/shopee.com.br\/blog\/wp-content\/uploads\/2023\/12\/penteados-para-cabelo-curto-babyliss-480x480.jpg 480w\" sizes=\"(max-width: 350px) 100vw, 350px\" \/><figcaption id=\"caption-attachment-55698\" class=\"wp-caption-text\"><span style=\"font-size: 8pt;\">Babyliss 25mm Curves Taiff &#8211; Cr\u00e9ditos: <a href=\"https:\/\/shopee.com.br\/dutra_maquinas\" target=\"_blank\" rel=\"noopener\">Dutra M\u00e1quinas<\/a><\/span><\/figcaption><\/figure>\n<p style=\"text-align: center;\"><span style=\"font-weight: 400;\"><a href=\"https:\/\/shopee.com.br\/list\/Babyliss\" class=\"su-button su-button-style-default\" style=\"color:#FFFFFF;background-color:#ee4d2d;border-color:#bf3e24;border-radius:6px\" target=\"_self\"><span style=\"color:#FFFFFF;padding:0px 18px;font-size:14px;line-height:28px;border-color:#f4836c;border-radius:6px;text-shadow:none\"> Compre Aqui<\/span><\/a><\/span><\/p>\n<h3 id='spray-de-volume'  id=\"boomdevs_13\"><b>Spray de volume<\/b><\/h3>\n<p><span style=\"font-weight: 400;\">Esse spray, como o pr\u00f3prio nome pode sugerir, \u00e9 para aumentar o volume dos fios, sendo indicado para aquelas que possuem o cabelo mais fino e com aspecto mais ralo. Assim, podem usar o cabelo solto aplicando esse produto.<\/span><\/p>\n<p><span style=\"font-weight: 400;\">Um \u00f3timo tipo de <\/span><a href=\"https:\/\/shopee.com.br\/list\/Spray%20de%20Volume\"><span style=\"font-weight: 400;\">spray de volume<\/span><\/a><span style=\"font-weight: 400;\"> \u00e9 o de sal marinho. Ele consegue dar aquele visual de cabelo despojado como se voc\u00ea estivesse acabado de sair da praia sem parecer bagun\u00e7ado. Basta saber aplicar o produto: aplique o jato a 20 ou 30 cm de dist\u00e2ncia do cabelo e muito cuidado com o excesso.<\/span><\/p>\n<figure id=\"attachment_55703\" aria-describedby=\"caption-attachment-55703\" style=\"width: 350px\" class=\"wp-caption aligncenter\"><img decoding=\"async\" class=\"wp-image-55703\" src=\"https:\/\/shopee.com.br\/blog\/wp-content\/uploads\/2023\/12\/penteados-para-cabelo-curto-spray-texturizador.jpg\" alt=\"penteados para cabelo curto - spray texturizador\" width=\"350\" height=\"350\" srcset=\"https:\/\/shopee.com.br\/blog\/wp-content\/uploads\/2023\/12\/penteados-para-cabelo-curto-spray-texturizador.jpg 1024w, https:\/\/shopee.com.br\/blog\/wp-content\/uploads\/2023\/12\/penteados-para-cabelo-curto-spray-texturizador-300x300.jpg 300w, https:\/\/shopee.com.br\/blog\/wp-content\/uploads\/2023\/12\/penteados-para-cabelo-curto-spray-texturizador-150x150.jpg 150w, https:\/\/shopee.com.br\/blog\/wp-content\/uploads\/2023\/12\/penteados-para-cabelo-curto-spray-texturizador-768x768.jpg 768w, https:\/\/shopee.com.br\/blog\/wp-content\/uploads\/2023\/12\/penteados-para-cabelo-curto-spray-texturizador-1000x1000.jpg 1000w, https:\/\/shopee.com.br\/blog\/wp-content\/uploads\/2023\/12\/penteados-para-cabelo-curto-spray-texturizador-230x230.jpg 230w, https:\/\/shopee.com.br\/blog\/wp-content\/uploads\/2023\/12\/penteados-para-cabelo-curto-spray-texturizador-350x350.jpg 350w, https:\/\/shopee.com.br\/blog\/wp-content\/uploads\/2023\/12\/penteados-para-cabelo-curto-spray-texturizador-480x480.jpg 480w\" sizes=\"(max-width: 350px) 100vw, 350px\" \/><figcaption id=\"caption-attachment-55703\" class=\"wp-caption-text\"><span style=\"font-size: 8pt;\">Spray Texturizador Liso com Ondas Inoar Efeito Praia &#8211; Cr\u00e9ditos: <a href=\"https:\/\/shopee.com.br\/hmzxonline\" target=\"_blank\" rel=\"noopener\">HMZX Online<\/a><\/span><\/figcaption><\/figure>\n<p style=\"text-align: center;\"><span style=\"font-weight: 400;\"><a href=\"https:\/\/shopee.com.br\/list\/Spray%20de%20Volume\" class=\"su-button su-button-style-default\" style=\"color:#FFFFFF;background-color:#ee4d2d;border-color:#bf3e24;border-radius:6px\" target=\"_self\"><span style=\"color:#FFFFFF;padding:0px 18px;font-size:14px;line-height:28px;border-color:#f4836c;border-radius:6px;text-shadow:none\"> Compre Aqui<\/span><\/a><\/span><\/p>\n<h3 id='pomada'  id=\"boomdevs_14\"><b>Pomada<\/b><\/h3>\n<p><span style=\"font-weight: 400;\">As <\/span><a href=\"https:\/\/shopee.com.br\/list\/Pomada%20Capilar\"><span style=\"font-weight: 400;\">pomadas<\/span><\/a><span style=\"font-weight: 400;\"> s\u00e3o recursos excelentes, principalmente, para quem tem cabelo cacheado, pois elas ajudam a controlar os frizz. Voc\u00ea encontra no mercado (e na Shopee) desde as vers\u00f5es mais cremosas, at\u00e9 as mais firmes que s\u00e3o um tipo de cera capilar.<\/span><\/p>\n<p><span style=\"font-weight: 400;\">Essas pomadas ajudam a finalizar os fios e os cachos e tamb\u00e9m ajudam a fixar o penteado, mantendo-o no lugar dando um aspecto mais natural. <\/span><span style=\"font-weight: 400;\">H\u00e1 diversas op\u00e7\u00f5es de penteados para cabelos curtos aos quais voc\u00ea pode recorrer nas mais diversas ocasi\u00f5es.<\/span><\/p>\n<figure id=\"attachment_55704\" aria-describedby=\"caption-attachment-55704\" style=\"width: 350px\" class=\"wp-caption aligncenter\"><img decoding=\"async\" class=\"wp-image-55704\" src=\"https:\/\/shopee.com.br\/blog\/wp-content\/uploads\/2023\/12\/penteados-para-cabelo-curto-pomada-1.jpg\" alt=\"penteados para cabelo curto - pomada\" width=\"350\" height=\"350\" srcset=\"https:\/\/shopee.com.br\/blog\/wp-content\/uploads\/2023\/12\/penteados-para-cabelo-curto-pomada-1.jpg 1000w, https:\/\/shopee.com.br\/blog\/wp-content\/uploads\/2023\/12\/penteados-para-cabelo-curto-pomada-1-300x300.jpg 300w, https:\/\/shopee.com.br\/blog\/wp-content\/uploads\/2023\/12\/penteados-para-cabelo-curto-pomada-1-150x150.jpg 150w, https:\/\/shopee.com.br\/blog\/wp-content\/uploads\/2023\/12\/penteados-para-cabelo-curto-pomada-1-768x768.jpg 768w, https:\/\/shopee.com.br\/blog\/wp-content\/uploads\/2023\/12\/penteados-para-cabelo-curto-pomada-1-230x230.jpg 230w, https:\/\/shopee.com.br\/blog\/wp-content\/uploads\/2023\/12\/penteados-para-cabelo-curto-pomada-1-350x350.jpg 350w, https:\/\/shopee.com.br\/blog\/wp-content\/uploads\/2023\/12\/penteados-para-cabelo-curto-pomada-1-480x480.jpg 480w\" sizes=\"(max-width: 350px) 100vw, 350px\" \/><figcaption id=\"caption-attachment-55704\" class=\"wp-caption-text\"><span style=\"font-size: 8pt;\">Pomada Profissional Keratin Hair Food Nutrition Salon Line &#8211; Cr\u00e9ditos: <a href=\"https:\/\/shopee.com.br\/salon_line\" target=\"_blank\" rel=\"noopener\">Salon Line<\/a><\/span><\/figcaption><\/figure>\n<p style=\"text-align: center;\"><span style=\"font-weight: 400;\"><a href=\"https:\/\/shopee.com.br\/list\/Pomada%20Capilar\" class=\"su-button su-button-style-default\" style=\"color:#FFFFFF;background-color:#ee4d2d;border-color:#bf3e24;border-radius:6px\" target=\"_self\"><span style=\"color:#FFFFFF;padding:0px 18px;font-size:14px;line-height:28px;border-color:#f4836c;border-radius:6px;text-shadow:none\"> Compre Aqui<\/span><\/a><\/span><\/p>\n<h2 id='comprar-produtos-para-cabelo-na-shopee-compensa-mais'  id=\"boomdevs_15\"><b>Comprar produtos para cabelo na Shopee compensa mais<\/b><\/h2>\n<p><span style=\"font-weight: 400;\">Agora, voc\u00ea j\u00e1 sabe os penteados para cabelo curto<\/span><span style=\"font-weight: 400;\">, este guia de compras mostra porque vale a pena ir \u00e0s compras e encontrar os seus produtos favoritos com seguran\u00e7a e custo-benef\u00edcio atrativo na Shopee!\u00a0<\/span><\/p>\n<p><span style=\"font-weight: 400;\">Lembre-se de seguir a Shopee nas redes sociais (<\/span><a href=\"https:\/\/bsky.app\/profile\/shopeebr.bsky.social\" target=\"_blank\" rel=\"noopener\"><span style=\"font-weight: 400;\">Bluesky,<\/span><\/a><a href=\"https:\/\/pt-br.facebook.com\/ShopeeBR\/\" target=\"_blank\" rel=\"noopener\"><span style=\"font-weight: 400;\"> Facebook<\/span><\/a><span style=\"font-weight: 400;\">,<\/span><a href=\"https:\/\/www.instagram.com\/shopee_br\/?hl=pt-br\" target=\"_blank\" rel=\"noopener\"> <span style=\"font-weight: 400;\">Instagram<\/span><\/a><span style=\"font-weight: 400;\"> e<\/span> <a href=\"https:\/\/whatsapp.com\/channel\/0029VaKEnKI6GcGLZwn7l103\" target=\"_blank\" rel=\"noopener\"><span style=\"font-weight: 400;\">WhatsApp<\/span><\/a><span style=\"font-weight: 400;\">), para ficar de olho nas principais novidades e outras promo\u00e7\u00f5es!<\/span><\/p>\n<p><span style=\"font-weight: 400;\">Acesse nosso site ou app e aproveite os descontos, basta <\/span><a href=\"https:\/\/shopee.com.br\/web\"><span style=\"font-weight: 400;\">baixar o APP<\/span><\/a><span style=\"font-weight: 400;\"> para conhecer todas as vantagens de ser um cliente Shopee. Boas compras!<\/span><\/p>\n","protected":false},"excerpt":{"rendered":"<p>O que voc\u00ea vai encontrar neste artigo? Se voc\u00ea ama seu cabelo curto, mas sente que as op\u00e7\u00f5es de penteado s\u00e3o limitadas, este artigo \u00e9 para voc\u00ea! Aqui, voc\u00ea vai conhecer penteados vers\u00e1teis e criativos que funcionam para diferentes ocasi\u00f5es, desde o dia a dia at\u00e9 eventos especiais. Mostramos ideias como: coques modernos, tran\u00e7as discretas, [&hellip;]<\/p>\n","protected":false},"author":20,"featured_media":64482,"comment_status":"open","ping_status":"open","sticky":false,"template":"","format":"standard","meta":{"jnews-multi-image_gallery":[],"jnews_single_post":{"format":"standard","override":[{"template":"7","parallax":"1","layout":"right-sidebar","sidebar":"home","second_sidebar":"default-sidebar","sticky_sidebar":"1","share_position":"bottom","share_float_style":"share-monocrhome","show_share_counter":"1","show_view_counter":"1","show_featured":"1","show_post_meta":"1","show_post_author":"1","show_post_author_image":"1","show_post_date":"1","post_date_format":"default","post_date_format_custom":"Y\/m\/d","show_post_category":"1","show_post_reading_time":"1","post_reading_time_wpm":"300","post_calculate_word_method":"str_word_count","show_zoom_button":"0","zoom_button_out_step":"2","zoom_button_in_step":"3","show_post_tag":"1","show_prev_next_post":"1","show_popup_post":"1","number_popup_post":"3","show_author_box":"1","show_post_related":"0","show_inline_post_related":"0"}],"image_override":[{"single_post_thumbnail_size":"crop-500","single_post_gallery_size":"crop-715"}],"trending_post_position":"meta","trending_post_label":"Trending","sponsored_post_label":"Sponsored by","disable_ad":"0","subtitle":""},"jnews_primary_category":[],"jnews_social_meta":[],"jnews_review":[],"enable_review":"","type":"percentage","name":"","summary":"","brand":"","sku":"","good":[],"bad":[],"score_override":"","override_value":"","rating":[],"price":[],"footnotes":""},"categories":[1],"tags":[192,191],"class_list":["post-55691","post","type-post","status-publish","format-standard","has-post-thumbnail","hentry","category-estilo-de-vida","tag-dicas-de-beleza","tag-produtos-de-beleza"],"_links":{"self":[{"href":"https:\/\/shopee.com.br\/blog\/wp-json\/wp\/v2\/posts\/55691","targetHints":{"allow":["GET"]}}],"collection":[{"href":"https:\/\/shopee.com.br\/blog\/wp-json\/wp\/v2\/posts"}],"about":[{"href":"https:\/\/shopee.com.br\/blog\/wp-json\/wp\/v2\/types\/post"}],"author":[{"embeddable":true,"href":"https:\/\/shopee.com.br\/blog\/wp-json\/wp\/v2\/users\/20"}],"replies":[{"embeddable":true,"href":"https:\/\/shopee.com.br\/blog\/wp-json\/wp\/v2\/comments?post=55691"}],"version-history":[{"count":2,"href":"https:\/\/shopee.com.br\/blog\/wp-json\/wp\/v2\/posts\/55691\/revisions"}],"predecessor-version":[{"id":64483,"href":"https:\/\/shopee.com.br\/blog\/wp-json\/wp\/v2\/posts\/55691\/revisions\/64483"}],"wp:featuredmedia":[{"embeddable":true,"href":"https:\/\/shopee.com.br\/blog\/wp-json\/wp\/v2\/media\/64482"}],"wp:attachment":[{"href":"https:\/\/shopee.com.br\/blog\/wp-json\/wp\/v2\/media?parent=55691"}],"wp:term":[{"taxonomy":"category","embeddable":true,"href":"https:\/\/shopee.com.br\/blog\/wp-json\/wp\/v2\/categories?post=55691"},{"taxonomy":"post_tag","embeddable":true,"href":"https:\/\/shopee.com.br\/blog\/wp-json\/wp\/v2\/tags?post=55691"}],"curies":[{"name":"wp","href":"https:\/\/api.w.org\/{rel}","templated":true}]}}