{"id":58976,"date":"2024-06-20T09:00:21","date_gmt":"2024-06-20T12:00:21","guid":{"rendered":"https:\/\/shopee.com.br\/blog\/?p=58976"},"modified":"2024-06-18T14:57:51","modified_gmt":"2024-06-18T17:57:51","slug":"acessorios-de-inverno-infantis","status":"publish","type":"post","link":"https:\/\/shopee.com.br\/blog\/acessorios-de-inverno-infantis\/","title":{"rendered":"Os melhores acess\u00f3rios de inverno infantis para crian\u00e7as"},"content":{"rendered":"<p><b>Com a esta\u00e7\u00e3o mais fria do ano chegando, \u00e9 o momento de escolher os melhores acess\u00f3rios de inverno infantis. Gorros, touca, cachecol e outros itens que trouxemos aqui na Shopee para voc\u00ea.<\/b><\/p>\n<p><span style=\"font-weight: 400;\">Para o frio que chega, nada melhor do que contar com os melhores acess\u00f3rios de inverno infantis, como touca, gorros, touca e cachecol.<\/span><\/p>\n<p><span style=\"font-weight: 400;\">Esses acess\u00f3rios para frio podem ser um tanto desafiador para m\u00e3es, pais e respons\u00e1veis escolherem para crian\u00e7as, afinal, nem sempre elas conseguem manifestar seu conforto com muita precis\u00e3o.<\/span><\/p>\n<p><span style=\"font-weight: 400;\">\u00c9 por isso que separamos algumas dicas listando os melhores acess\u00f3rios de inverno infantis para voc\u00ea saber exatamente o que comprar. Confira aqui na Shopee.<\/span><\/p>\n<h2 id='quais-s\u00e3o-os-acess\u00f3rios-de-inverno-infantis'  id=\"boomdevs_1\"><b>Quais s\u00e3o os acess\u00f3rios de inverno infantis?<\/b><\/h2>\n<ul>\n<li style=\"font-weight: 400;\" aria-level=\"1\"><span style=\"font-weight: 400;\">Gorros<\/span><\/li>\n<li style=\"font-weight: 400;\" aria-level=\"1\"><span style=\"font-weight: 400;\">Touca<\/span><\/li>\n<li style=\"font-weight: 400;\" aria-level=\"1\"><span style=\"font-weight: 400;\">Cachecol<\/span><\/li>\n<li style=\"font-weight: 400;\" aria-level=\"1\"><span style=\"font-weight: 400;\">Luvas<\/span><\/li>\n<li style=\"font-weight: 400;\" aria-level=\"1\"><span style=\"font-weight: 400;\">Meias T\u00e9rmicas<\/span><\/li>\n<li style=\"font-weight: 400;\" aria-level=\"1\"><span style=\"font-weight: 400;\">Meia-cal\u00e7a<\/span><\/li>\n<li style=\"font-weight: 400;\" aria-level=\"1\"><span style=\"font-weight: 400;\">Segunda pele<\/span><\/li>\n<\/ul>\n<p><span style=\"font-weight: 400;\">Principalmente nas fun\u00e7\u00f5es que cada um dos acess\u00f3rios de inverno infantis pode dar \u00e0 crian\u00e7a. Por isso, essa lista te mostrar\u00e1 como aproveitar os <\/span><a href=\"https:\/\/shopee.com.br\/blog\/52194-2look-infantil-de-inverno\/\"><span style=\"font-weight: 400;\">looks de inverno<\/span><\/a><span style=\"font-weight: 400;\">.<\/span><\/p>\n<h3 id='gorros'  id=\"boomdevs_2\"><b>Gorros<\/b><\/h3>\n<p><span style=\"font-weight: 400;\">A nossa primeira indica\u00e7\u00e3o \u00e9 o <\/span><a href=\"https:\/\/shopee.com.br\/list\/Gorro\/Infantil\" target=\"_blank\" rel=\"noopener\"><span style=\"font-weight: 400;\">Gorro<\/span><\/a><span style=\"font-weight: 400;\">. Ele \u00e9 um acess\u00f3rio fundamental para uma parte do corpo que perde muito calor e, por isso mesmo, sente mais frio: a cabe\u00e7a.<\/span><\/p>\n<p><span style=\"font-weight: 400;\">O gorro \u00e9 uma pe\u00e7a que cobre toda a cabe\u00e7a, de uma maneira mais solta, ou seja, ela n\u00e3o \u00e9 t\u00e3o fixa ou que n\u00e3o aperta tanto.<\/span><\/p>\n<p><img decoding=\"async\" class=\"aligncenter wp-image-58986 \" src=\"https:\/\/shopee.com.br\/blog\/wp-content\/uploads\/2024\/06\/Gorro-Infantil.png\" alt=\"\" width=\"310\" height=\"310\" srcset=\"https:\/\/shopee.com.br\/blog\/wp-content\/uploads\/2024\/06\/Gorro-Infantil.png 320w, https:\/\/shopee.com.br\/blog\/wp-content\/uploads\/2024\/06\/Gorro-Infantil-300x300.png 300w, https:\/\/shopee.com.br\/blog\/wp-content\/uploads\/2024\/06\/Gorro-Infantil-150x150.png 150w, https:\/\/shopee.com.br\/blog\/wp-content\/uploads\/2024\/06\/Gorro-Infantil-230x230.png 230w\" sizes=\"(max-width: 310px) 100vw, 310px\" \/><\/p>\n<p style=\"text-align: center;\"><span style=\"font-weight: 400;\"><a href=\"https:\/\/shopee.com.br\/list\/Gorro\/Infantil\" class=\"su-button su-button-style-default\" style=\"color:#FFFFFF;background-color:#ee4d2d;border-color:#bf3e24;border-radius:6px\" target=\"_self\"><span style=\"color:#FFFFFF;padding:0px 18px;font-size:14px;line-height:28px;border-color:#f4836c;border-radius:6px;text-shadow:none\"> Compre Aqui<\/span><\/a><\/span><\/p>\n<h3 id='touca'  id=\"boomdevs_3\"><b>Touca<\/b><\/h3>\n<p><a href=\"https:\/\/shopee.com.br\/list\/Touca\/Infantil\" target=\"_blank\" rel=\"noopener\"><span style=\"font-weight: 400;\">Touca<\/span><\/a><span style=\"font-weight: 400;\"> \u00e9 outro acess\u00f3rio que tamb\u00e9m cobre a cabe\u00e7a no frio. A <a href=\"https:\/\/shopee.com.br\/blog\/touca-ou-gorro\/\" target=\"_blank\" rel=\"noopener\">principal diferen\u00e7a dela para o gorro<\/a> \u00e9 o ajuste: esta \u00e9 um pouco mais justa, fixando bem no corpo.<\/span><\/p>\n<p><span style=\"font-weight: 400;\">Outra diferen\u00e7a que voc\u00ea pode notar \u00e9 nos materiais, normalmente l\u00e3s ou mesmo materiais sint\u00e9ticos.<\/span><\/p>\n<p><span style=\"font-weight: 400;\">Esse acess\u00f3rio para frio \u00e9 ideal para crian\u00e7as que sentem muito a temperatura na cabe\u00e7a, podendo proteger bem tamb\u00e9m a orelha e toda a parte da testa.<\/span><\/p>\n<p><img decoding=\"async\" class=\"aligncenter wp-image-58980 \" src=\"https:\/\/shopee.com.br\/blog\/wp-content\/uploads\/2024\/06\/Touca-Infantil.jpg\" alt=\"\" width=\"374\" height=\"374\" srcset=\"https:\/\/shopee.com.br\/blog\/wp-content\/uploads\/2024\/06\/Touca-Infantil.jpg 1024w, https:\/\/shopee.com.br\/blog\/wp-content\/uploads\/2024\/06\/Touca-Infantil-300x300.jpg 300w, https:\/\/shopee.com.br\/blog\/wp-content\/uploads\/2024\/06\/Touca-Infantil-150x150.jpg 150w, https:\/\/shopee.com.br\/blog\/wp-content\/uploads\/2024\/06\/Touca-Infantil-768x768.jpg 768w, https:\/\/shopee.com.br\/blog\/wp-content\/uploads\/2024\/06\/Touca-Infantil-1000x1000.jpg 1000w, https:\/\/shopee.com.br\/blog\/wp-content\/uploads\/2024\/06\/Touca-Infantil-230x230.jpg 230w, https:\/\/shopee.com.br\/blog\/wp-content\/uploads\/2024\/06\/Touca-Infantil-350x350.jpg 350w, https:\/\/shopee.com.br\/blog\/wp-content\/uploads\/2024\/06\/Touca-Infantil-480x480.jpg 480w\" sizes=\"(max-width: 374px) 100vw, 374px\" \/><\/p>\n<p style=\"text-align: center;\"><span style=\"font-weight: 400;\"><a href=\"https:\/\/shopee.com.br\/list\/Touca\/Infantil\" class=\"su-button su-button-style-default\" style=\"color:#FFFFFF;background-color:#ee4d2d;border-color:#bf3e24;border-radius:6px\" target=\"_self\"><span style=\"color:#FFFFFF;padding:0px 18px;font-size:14px;line-height:28px;border-color:#f4836c;border-radius:6px;text-shadow:none\"> Compre Aqui<\/span><\/a><\/span><\/p>\n<h3 id='cachecol'  id=\"boomdevs_4\"><b>Cachecol<\/b><\/h3>\n<p><span style=\"font-weight: 400;\">J\u00e1 o <\/span><a href=\"https:\/\/shopee.com.br\/list\/Cachecol\/Infantil\" target=\"_blank\" rel=\"noopener\"><span style=\"font-weight: 400;\">Cachecol<\/span><\/a><span style=\"font-weight: 400;\"> \u00e9 um acess\u00f3rio para frio bem t\u00edpico, dando um toque muito elegante para quem o usa. E n\u00e3o seria diferente no modelo infantil.<\/span><\/p>\n<p><span style=\"font-weight: 400;\">Ele \u00e9 perfeito para proteger a nuca e o pesco\u00e7o, outras partes que sempre est\u00e3o bem expostas ao vento e ao frio.<\/span><\/p>\n<p><span style=\"font-weight: 400;\">Seja para um passeio simples ou para situa\u00e7\u00f5es mais formais, a pe\u00e7a dar\u00e1 um toque de charme no seu beb\u00ea ou na crian\u00e7a.<\/span><\/p>\n<p><img decoding=\"async\" class=\"aligncenter wp-image-58985 \" src=\"https:\/\/shopee.com.br\/blog\/wp-content\/uploads\/2024\/06\/Cachecol-Infantil.jpg\" alt=\"\" width=\"353\" height=\"353\" srcset=\"https:\/\/shopee.com.br\/blog\/wp-content\/uploads\/2024\/06\/Cachecol-Infantil.jpg 482w, https:\/\/shopee.com.br\/blog\/wp-content\/uploads\/2024\/06\/Cachecol-Infantil-300x300.jpg 300w, https:\/\/shopee.com.br\/blog\/wp-content\/uploads\/2024\/06\/Cachecol-Infantil-150x150.jpg 150w, https:\/\/shopee.com.br\/blog\/wp-content\/uploads\/2024\/06\/Cachecol-Infantil-230x230.jpg 230w, https:\/\/shopee.com.br\/blog\/wp-content\/uploads\/2024\/06\/Cachecol-Infantil-350x350.jpg 350w, https:\/\/shopee.com.br\/blog\/wp-content\/uploads\/2024\/06\/Cachecol-Infantil-480x480.jpg 480w\" sizes=\"(max-width: 353px) 100vw, 353px\" \/><\/p>\n<p style=\"text-align: center;\"><span style=\"font-weight: 400;\"><a href=\"https:\/\/shopee.com.br\/list\/Cachecol\/Infantil\" class=\"su-button su-button-style-default\" style=\"color:#FFFFFF;background-color:#ee4d2d;border-color:#bf3e24;border-radius:6px\" target=\"_self\"><span style=\"color:#FFFFFF;padding:0px 18px;font-size:14px;line-height:28px;border-color:#f4836c;border-radius:6px;text-shadow:none\"> Compre Aqui<\/span><\/a><\/span><\/p>\n<h3 id='luvas'  id=\"boomdevs_5\"><b>Luvas<\/b><\/h3>\n<p><span style=\"font-weight: 400;\">As <\/span><a href=\"https:\/\/shopee.com.br\/list\/Luva\/Infantil\" target=\"_blank\" rel=\"noopener\"><span style=\"font-weight: 400;\">Luvas<\/span><\/a><span style=\"font-weight: 400;\"> dispensam grandes apresenta\u00e7\u00f5es, j\u00e1 que normalmente elas est\u00e3o l\u00e1, nas m\u00e3os dos pequenos durante o frio.<\/span><\/p>\n<p><span style=\"font-weight: 400;\">Para crian\u00e7as menores, \u00e9 preciso escolher uma com materiais leves, de modo que n\u00e3o sintam em suas m\u00e3os e n\u00e3o as incomodem. Um material ideal para isso \u00e9 o fleece.<\/span><\/p>\n<p><img decoding=\"async\" class=\"aligncenter wp-image-58984 \" src=\"https:\/\/shopee.com.br\/blog\/wp-content\/uploads\/2024\/06\/Luva-Infantil.png\" alt=\"\" width=\"372\" height=\"372\" srcset=\"https:\/\/shopee.com.br\/blog\/wp-content\/uploads\/2024\/06\/Luva-Infantil.png 500w, https:\/\/shopee.com.br\/blog\/wp-content\/uploads\/2024\/06\/Luva-Infantil-300x300.png 300w, https:\/\/shopee.com.br\/blog\/wp-content\/uploads\/2024\/06\/Luva-Infantil-150x150.png 150w, https:\/\/shopee.com.br\/blog\/wp-content\/uploads\/2024\/06\/Luva-Infantil-230x230.png 230w, https:\/\/shopee.com.br\/blog\/wp-content\/uploads\/2024\/06\/Luva-Infantil-350x350.png 350w, https:\/\/shopee.com.br\/blog\/wp-content\/uploads\/2024\/06\/Luva-Infantil-480x480.png 480w\" sizes=\"(max-width: 372px) 100vw, 372px\" \/><\/p>\n<p style=\"text-align: center;\"><span style=\"font-weight: 400;\"><a href=\"https:\/\/shopee.com.br\/list\/Luva\/Infantil\" class=\"su-button su-button-style-default\" style=\"color:#FFFFFF;background-color:#ee4d2d;border-color:#bf3e24;border-radius:6px\" target=\"_self\"><span style=\"color:#FFFFFF;padding:0px 18px;font-size:14px;line-height:28px;border-color:#f4836c;border-radius:6px;text-shadow:none\"> Compre Aqui<\/span><\/a><\/span><\/p>\n<h3 id='meias-t\u00e9rmicas'  id=\"boomdevs_6\"><b>Meias T\u00e9rmicas<\/b><\/h3>\n<p><span style=\"font-weight: 400;\">J\u00e1 as <\/span><a href=\"https:\/\/shopee.com.br\/list\/Meia\/T%C3%A9rmica\/Infantil\" target=\"_blank\" rel=\"noopener\"><span style=\"font-weight: 400;\">Meias T\u00e9rmicas<\/span><\/a><span style=\"font-weight: 400;\"> podem ser acess\u00f3rios de inverno infantis que ajudam muito em frios mais fortes.<\/span><\/p>\n<p><span style=\"font-weight: 400;\">Elas cobrem toda a parte dos p\u00e9s e pernas, mas \u00e9 importante conferir o tamanho do cano para garantir que elas cheguem a uma altura boa nas coxas.<\/span><\/p>\n<p><span style=\"font-weight: 400;\">Outro ponto importante \u00e9 se atentar ao material. Se ele for muito grosso, pode ser dif\u00edcil as botas ou t\u00eanis. Isso porque a pe\u00e7a envolve todo o p\u00e9, dando mais volume e podendo dificultar o encaixe.\u00a0<\/span><\/p>\n<p><img decoding=\"async\" class=\"aligncenter wp-image-58982 \" src=\"https:\/\/shopee.com.br\/blog\/wp-content\/uploads\/2024\/06\/Meia-Termica-Infantil.jpg\" alt=\"\" width=\"356\" height=\"356\" srcset=\"https:\/\/shopee.com.br\/blog\/wp-content\/uploads\/2024\/06\/Meia-Termica-Infantil.jpg 500w, https:\/\/shopee.com.br\/blog\/wp-content\/uploads\/2024\/06\/Meia-Termica-Infantil-300x300.jpg 300w, https:\/\/shopee.com.br\/blog\/wp-content\/uploads\/2024\/06\/Meia-Termica-Infantil-150x150.jpg 150w, https:\/\/shopee.com.br\/blog\/wp-content\/uploads\/2024\/06\/Meia-Termica-Infantil-230x230.jpg 230w, https:\/\/shopee.com.br\/blog\/wp-content\/uploads\/2024\/06\/Meia-Termica-Infantil-350x350.jpg 350w, https:\/\/shopee.com.br\/blog\/wp-content\/uploads\/2024\/06\/Meia-Termica-Infantil-480x480.jpg 480w\" sizes=\"(max-width: 356px) 100vw, 356px\" \/><\/p>\n<p style=\"text-align: center;\"><span style=\"font-weight: 400;\"><a href=\"https:\/\/shopee.com.br\/list\/Meia\/T%C3%A9rmica\/Infantil\" class=\"su-button su-button-style-default\" style=\"color:#FFFFFF;background-color:#ee4d2d;border-color:#bf3e24;border-radius:6px\" target=\"_self\"><span style=\"color:#FFFFFF;padding:0px 18px;font-size:14px;line-height:28px;border-color:#f4836c;border-radius:6px;text-shadow:none\"> Compre Aqui<\/span><\/a><\/span><\/p>\n<h3 id='meia-cal\u00e7a'  id=\"boomdevs_7\"><b>Meia Cal\u00e7a<\/b><\/h3>\n<p><span style=\"font-weight: 400;\">Uma alternativa \u00e0s meias t\u00e9rmicas pode ser a <\/span><a href=\"https:\/\/shopee.com.br\/list\/Meia%20Cal%C3%A7a\/Infantil\" target=\"_blank\" rel=\"noopener\"><span style=\"font-weight: 400;\">Meia Cal\u00e7a<\/span><\/a><span style=\"font-weight: 400;\">. O acess\u00f3rio \u00e9 vestido deixando os p\u00e9s expostos, sem volume para cal\u00e7ar t\u00eanis e botas.<\/span><\/p>\n<p><span style=\"font-weight: 400;\">Al\u00e9m disso, ela pode ser usada em frios mais amenos, j\u00e1 que pode ser encontrada em materiais mais finos.<\/span><\/p>\n<p><span style=\"font-weight: 400;\">Outra vantagem \u00e9 que \u00e9 um acess\u00f3rio de inverno infantil bem vers\u00e1til, podendo ser combinado com outras pe\u00e7as como saias e botas.<\/span><\/p>\n<p><img decoding=\"async\" class=\"aligncenter wp-image-58983 \" src=\"https:\/\/shopee.com.br\/blog\/wp-content\/uploads\/2024\/06\/Meia-Calca-Infantil.jpg\" alt=\"\" width=\"345\" height=\"345\" srcset=\"https:\/\/shopee.com.br\/blog\/wp-content\/uploads\/2024\/06\/Meia-Calca-Infantil.jpg 861w, https:\/\/shopee.com.br\/blog\/wp-content\/uploads\/2024\/06\/Meia-Calca-Infantil-300x300.jpg 300w, https:\/\/shopee.com.br\/blog\/wp-content\/uploads\/2024\/06\/Meia-Calca-Infantil-150x150.jpg 150w, https:\/\/shopee.com.br\/blog\/wp-content\/uploads\/2024\/06\/Meia-Calca-Infantil-768x768.jpg 768w, https:\/\/shopee.com.br\/blog\/wp-content\/uploads\/2024\/06\/Meia-Calca-Infantil-230x230.jpg 230w, https:\/\/shopee.com.br\/blog\/wp-content\/uploads\/2024\/06\/Meia-Calca-Infantil-350x350.jpg 350w, https:\/\/shopee.com.br\/blog\/wp-content\/uploads\/2024\/06\/Meia-Calca-Infantil-480x480.jpg 480w\" sizes=\"(max-width: 345px) 100vw, 345px\" \/><\/p>\n<p style=\"text-align: center;\"><span style=\"font-weight: 400;\"><a href=\"https:\/\/shopee.com.br\/list\/Meia%20Cal%C3%A7a\/Infantil\" class=\"su-button su-button-style-default\" style=\"color:#FFFFFF;background-color:#ee4d2d;border-color:#bf3e24;border-radius:6px\" target=\"_self\"><span style=\"color:#FFFFFF;padding:0px 18px;font-size:14px;line-height:28px;border-color:#f4836c;border-radius:6px;text-shadow:none\"> Compre Aqui<\/span><\/a><\/span><\/p>\n<h3 id='segunda-pele'  id=\"boomdevs_8\"><b>Segunda pele<\/b><\/h3>\n<p><span style=\"font-weight: 400;\">Se voc\u00ea tem a preocupa com a quantidade de roupa que a crian\u00e7a est\u00e1 vestindo, por conta de mobilidade ou mesmo peso, a <\/span><a href=\"https:\/\/shopee.com.br\/list\/Segunda%20Pele\/Infantil\" target=\"_blank\" rel=\"noopener\"><span style=\"font-weight: 400;\">Segunda Pele<\/span><\/a><span style=\"font-weight: 400;\"> pode ser uma alternativa.<\/span><\/p>\n<p><span style=\"font-weight: 400;\">Ela \u00e9 usada por baixo da roupa, bem justa, aquecendo de modo suficiente para n\u00e3o perder muito calor.<\/span><\/p>\n<p><span style=\"font-weight: 400;\">Ela fica bem escondida, por isso, voc\u00ea pode optar por colocar na crian\u00e7a de modo que n\u00e3o acumule pe\u00e7as no corpo dela.<\/span><\/p>\n<p><img decoding=\"async\" class=\"aligncenter wp-image-58981 \" src=\"https:\/\/shopee.com.br\/blog\/wp-content\/uploads\/2024\/06\/Segunda-Pele-Infantil.jpg\" alt=\"\" width=\"377\" height=\"377\" srcset=\"https:\/\/shopee.com.br\/blog\/wp-content\/uploads\/2024\/06\/Segunda-Pele-Infantil.jpg 1024w, https:\/\/shopee.com.br\/blog\/wp-content\/uploads\/2024\/06\/Segunda-Pele-Infantil-300x300.jpg 300w, https:\/\/shopee.com.br\/blog\/wp-content\/uploads\/2024\/06\/Segunda-Pele-Infantil-150x150.jpg 150w, https:\/\/shopee.com.br\/blog\/wp-content\/uploads\/2024\/06\/Segunda-Pele-Infantil-768x768.jpg 768w, https:\/\/shopee.com.br\/blog\/wp-content\/uploads\/2024\/06\/Segunda-Pele-Infantil-1000x1000.jpg 1000w, https:\/\/shopee.com.br\/blog\/wp-content\/uploads\/2024\/06\/Segunda-Pele-Infantil-230x230.jpg 230w, https:\/\/shopee.com.br\/blog\/wp-content\/uploads\/2024\/06\/Segunda-Pele-Infantil-350x350.jpg 350w, https:\/\/shopee.com.br\/blog\/wp-content\/uploads\/2024\/06\/Segunda-Pele-Infantil-480x480.jpg 480w\" sizes=\"(max-width: 377px) 100vw, 377px\" \/><\/p>\n<p style=\"text-align: center;\"><span style=\"font-weight: 400;\"><a href=\"https:\/\/shopee.com.br\/list\/Segunda%20Pele\/Infantil\" class=\"su-button su-button-style-default\" style=\"color:#FFFFFF;background-color:#ee4d2d;border-color:#bf3e24;border-radius:6px\" target=\"_self\"><span style=\"color:#FFFFFF;padding:0px 18px;font-size:14px;line-height:28px;border-color:#f4836c;border-radius:6px;text-shadow:none\"> Compre Aqui<\/span><\/a><\/span><\/p>\n<h2 id='como-escolher-acess\u00f3rios-para-crian\u00e7as'  id=\"boomdevs_9\"><b>Como escolher acess\u00f3rios para crian\u00e7as?<\/b><\/h2>\n<p><a href=\"https:\/\/shopee.com.br\/blog\/como-escolher-as-melhores-roupas-para-bebes\/\" target=\"_blank\" rel=\"noopener\"><span style=\"font-weight: 400;\">Escolher acess\u00f3rios de inverno para crian\u00e7a<\/span><\/a><span style=\"font-weight: 400;\">s requer aten\u00e7\u00e3o a diversos aspectos para garantir que as pe\u00e7as sejam confort\u00e1veis, dur\u00e1veis e do gosto da crian\u00e7a.\u00a0<\/span><\/p>\n<p><span style=\"font-weight: 400;\">Confira nossas dicas organizadas em t\u00f3picos para facilitar sua escolha:<\/span><\/p>\n<h4 id='conforto'  id=\"boomdevs_10\"><b>Conforto<\/b><\/h4>\n<ul>\n<li style=\"font-weight: 400;\" aria-level=\"1\"><b>Principal fator<\/b><span style=\"font-weight: 400;\">: Conforto deve ser a prioridade ao escolher acess\u00f3rios infantis.<\/span><\/li>\n<li style=\"font-weight: 400;\" aria-level=\"1\"><b>Conforto t\u00e9rmico<\/b><span style=\"font-weight: 400;\">: A pe\u00e7a deve proporcionar aquecimento adequado sem causar desconforto.<\/span><\/li>\n<li style=\"font-weight: 400;\" aria-level=\"1\"><b>Pe\u00e7as leves<\/b><span style=\"font-weight: 400;\">: Para crian\u00e7as menores, escolha pe\u00e7as leves e que n\u00e3o possam ser facilmente retiradas.<\/span><\/li>\n<li style=\"font-weight: 400;\" aria-level=\"1\"><b>Material adequado<\/b><span style=\"font-weight: 400;\">: Selecione tecidos apropriados para o clima local. Para frio ameno, opte por pe\u00e7as mais leves; para temperaturas mais baixas, escolha tecidos mais grossos.<\/span><\/li>\n<li style=\"font-weight: 400;\" aria-level=\"1\"><b>Aten\u00e7\u00e3o ao clima<\/b><span style=\"font-weight: 400;\">: Adapte as pe\u00e7as ao clima para evitar desconforto t\u00e9rmico, seja pelo calor excessivo ou pela falta de aquecimento.<\/span><\/li>\n<\/ul>\n<h4 id='material'  id=\"boomdevs_11\"><b>Material<\/b><\/h4>\n<ul>\n<li style=\"font-weight: 400;\" aria-level=\"1\"><b>Fibras naturais vs. sint\u00e9ticas<\/b><span style=\"font-weight: 400;\">: Materiais como l\u00e3, que utilizam fibras naturais, s\u00e3o excelentes para isolamento t\u00e9rmico. Materiais sint\u00e9ticos tamb\u00e9m podem oferecer aquecimento adequado.<\/span><\/li>\n<li style=\"font-weight: 400;\" aria-level=\"1\"><b>Espessura do tecido<\/b><span style=\"font-weight: 400;\">: Tecidos mais grossos isolam melhor o calor, mas podem limitar os movimentos da crian\u00e7a.<\/span><\/li>\n<li style=\"font-weight: 400;\" aria-level=\"1\"><b>Durabilidade do material<\/b><span style=\"font-weight: 400;\">: Escolha materiais de qualidade para garantir a durabilidade da pe\u00e7a. Tecidos sint\u00e9ticos geralmente oferecem maior resist\u00eancia.<\/span><\/li>\n<\/ul>\n<h4 id='durabilidade'  id=\"boomdevs_12\"><b>Durabilidade<\/b><\/h4>\n<ul>\n<li style=\"font-weight: 400;\" aria-level=\"1\"><b>Qualidade do material<\/b><span style=\"font-weight: 400;\">: Opte por materiais que garantam uma maior durabilidade, evitando a necessidade de substitui\u00e7\u00e3o frequente.<\/span><\/li>\n<li style=\"font-weight: 400;\" aria-level=\"1\"><b>Cuidados na manuten\u00e7\u00e3o<\/b><span style=\"font-weight: 400;\">: Siga as recomenda\u00e7\u00f5es de lavagem, secagem e passagem indicadas na etiqueta do fabricante para prolongar a vida \u00fatil das pe\u00e7as.<\/span><\/li>\n<\/ul>\n<h4 id='estilo-e-prefer\u00eancias-pessoais'  id=\"boomdevs_13\"><b>Estilo e Prefer\u00eancias Pessoais<\/b><\/h4>\n<ul>\n<li style=\"font-weight: 400;\" aria-level=\"1\"><b>Prefer\u00eancias da crian\u00e7a<\/b><span style=\"font-weight: 400;\">: Considere os gostos da crian\u00e7a ao escolher os acess\u00f3rios, garantindo que ela se sinta confort\u00e1vel e feliz com a escolha.<\/span><\/li>\n<li style=\"font-weight: 400;\" aria-level=\"1\"><b>Versatilidade<\/b><span style=\"font-weight: 400;\">: Acess\u00f3rios de inverno podem ser encontrados em diversas cores e estilos, permitindo combina\u00e7\u00f5es que se adaptem a diferentes ocasi\u00f5es.<\/span><\/li>\n<li style=\"font-weight: 400;\" aria-level=\"1\"><b>Conforto acima de tudo<\/b><span style=\"font-weight: 400;\">: Independentemente do estilo, n\u00e3o abra m\u00e3o do conforto. Crian\u00e7as se incomodam facilmente com roupas que limitam movimentos ou causam desconforto t\u00e9rmico.<\/span><\/li>\n<\/ul>\n<h2 id='procurando-por-acess\u00f3rios-de-inverno-infantis-em-oferta-olha-na-shopee'  id=\"boomdevs_14\"><b>Procurando por acess\u00f3rios de inverno infantis em oferta? Olha na Shopee!<\/b><\/h2>\n<p><span style=\"font-weight: 400;\">Agora, voc\u00ea j\u00e1 sabe tudo sobre os acess\u00f3rios de inverno infantis, \u00e9 hora de ir \u00e0s compras e encontrar os seus produtos favoritos com seguran\u00e7a e custo-benef\u00edcio atrativo na Shopee!\u00a0<\/span><\/p>\n<p><span style=\"font-weight: 400;\">Lembre-se de seguir a Shopee nas redes sociais (<\/span><a href=\"https:\/\/twitter.com\/shopee_br\" target=\"_blank\" rel=\"noopener\"><span style=\"font-weight: 400;\">X\/Twitter<\/span><\/a><span style=\"font-weight: 400;\">, <\/span><a href=\"https:\/\/pt-br.facebook.com\/ShopeeBR\/\" target=\"_blank\" rel=\"noopener\"><span style=\"font-weight: 400;\">Facebook<\/span><\/a><span style=\"font-weight: 400;\">, <\/span><a href=\"https:\/\/www.instagram.com\/shopee_br\/?hl=pt-br\" target=\"_blank\" rel=\"noopener\"><span style=\"font-weight: 400;\">Instagram<\/span><\/a><span style=\"font-weight: 400;\"> e <\/span><a href=\"https:\/\/t.me\/s\/shopee_br\" target=\"_blank\" rel=\"noopener\"><span style=\"font-weight: 400;\">Telegram<\/span><\/a><span style=\"font-weight: 400;\">), para ficar de olho nas principais novidades e outras promo\u00e7\u00f5es!<\/span><\/p>\n<p><span style=\"font-weight: 400;\">Acesse nosso site ou app e aproveite os descontos, basta <\/span><a href=\"https:\/\/shopee.com.br\/web\" target=\"_blank\" rel=\"noopener\"><span style=\"font-weight: 400;\">baixar o APP<\/span><\/a><span style=\"font-weight: 400;\"> para conhecer todas as vantagens de ser um cliente Shopee. Boas compras!<\/span><\/p>\n","protected":false},"excerpt":{"rendered":"<p>Com a esta\u00e7\u00e3o mais fria do ano chegando, \u00e9 o momento de escolher os melhores acess\u00f3rios de inverno infantis. Gorros, touca, cachecol e outros itens que trouxemos aqui na Shopee para voc\u00ea. Para o frio que chega, nada melhor do que contar com os melhores acess\u00f3rios de inverno infantis, como touca, gorros, touca e cachecol. [&hellip;]<\/p>\n","protected":false},"author":20,"featured_media":58977,"comment_status":"open","ping_status":"open","sticky":false,"template":"","format":"standard","meta":{"jnews-multi-image_gallery":[],"jnews_single_post":[],"jnews_primary_category":[],"jnews_social_meta":[],"jnews_review":[],"enable_review":"","type":"","name":"","summary":"","brand":"","sku":"","good":[],"bad":[],"score_override":"","override_value":"","rating":[],"price":[],"footnotes":""},"categories":[6,141,140],"tags":[184,185,183],"class_list":["post-58976","post","type-post","status-publish","format-standard","has-post-thumbnail","hentry","category-fashion","category-moda-feminina","category-moda-masculina","tag-dicas-de-estilo","tag-moda-casual","tag-tendencias-de-moda"],"_links":{"self":[{"href":"https:\/\/shopee.com.br\/blog\/wp-json\/wp\/v2\/posts\/58976","targetHints":{"allow":["GET"]}}],"collection":[{"href":"https:\/\/shopee.com.br\/blog\/wp-json\/wp\/v2\/posts"}],"about":[{"href":"https:\/\/shopee.com.br\/blog\/wp-json\/wp\/v2\/types\/post"}],"author":[{"embeddable":true,"href":"https:\/\/shopee.com.br\/blog\/wp-json\/wp\/v2\/users\/20"}],"replies":[{"embeddable":true,"href":"https:\/\/shopee.com.br\/blog\/wp-json\/wp\/v2\/comments?post=58976"}],"version-history":[{"count":0,"href":"https:\/\/shopee.com.br\/blog\/wp-json\/wp\/v2\/posts\/58976\/revisions"}],"wp:featuredmedia":[{"embeddable":true,"href":"https:\/\/shopee.com.br\/blog\/wp-json\/wp\/v2\/media\/58977"}],"wp:attachment":[{"href":"https:\/\/shopee.com.br\/blog\/wp-json\/wp\/v2\/media?parent=58976"}],"wp:term":[{"taxonomy":"category","embeddable":true,"href":"https:\/\/shopee.com.br\/blog\/wp-json\/wp\/v2\/categories?post=58976"},{"taxonomy":"post_tag","embeddable":true,"href":"https:\/\/shopee.com.br\/blog\/wp-json\/wp\/v2\/tags?post=58976"}],"curies":[{"name":"wp","href":"https:\/\/api.w.org\/{rel}","templated":true}]}}