{"id":59058,"date":"2024-06-28T09:00:28","date_gmt":"2024-06-28T12:00:28","guid":{"rendered":"https:\/\/shopee.com.br\/blog\/?p=59058"},"modified":"2024-06-19T15:26:37","modified_gmt":"2024-06-19T18:26:37","slug":"datas-comemorativas-e-feriados-de-julho","status":"publish","type":"post","link":"https:\/\/shopee.com.br\/blog\/datas-comemorativas-e-feriados-de-julho\/","title":{"rendered":"Datas comemorativas e feriados de Julho"},"content":{"rendered":"<p><b>Repleto de festividades, julho \u00e9 um m\u00eas movimentado por v\u00e1rias celebra\u00e7\u00f5es importantes. Entre elas, destacam-se o Dia Mundial da Arquitetura, a Independ\u00eancia da Bahia e o Dia Mundial do Rock. Essas datas s\u00e3o marcadas por eventos e comemora\u00e7\u00f5es que ressaltam a import\u00e2ncia de cada uma, trazendo um dinamismo especial ao m\u00eas.<\/b><\/p>\n<p><span style=\"font-weight: 400;\">O meio do ano costuma ser \u00e9poca de f\u00e9rias escolares e feriados nacionais. Mas o s\u00e9timo m\u00eas do ano traz umas celebra\u00e7\u00f5es que compensam os feriados de julho.<\/span><\/p>\n<p><span style=\"font-weight: 400;\">Algumas dessas datas comemorativas de julho s\u00e3o, de fato, feriados, sejam no estado ou no munic\u00edpio.<\/span><\/p>\n<p><span style=\"font-weight: 400;\">Quer saber quais s\u00e3o os feriados de julho e quais as datas mais famosas deste m\u00eas? Confira essa lista que preparamos aqui na Shopee!<\/span><\/p>\n<h2 id='o-que-\u00e9-feriado'  id=\"boomdevs_1\"><b>O que \u00e9 feriado?<\/b><\/h2>\n<p><span style=\"font-weight: 400;\">Feriado \u00e9 uma data oficial em que h\u00e1 descanso garantido aos trabalhadores e que, em caso de trabalho, deve haver remunera\u00e7\u00e3o em dobro ou compensa\u00e7\u00e3o de folga.<\/span><\/p>\n<p><span style=\"font-weight: 400;\">Por isso, \u00e9 comum que escolas, com\u00e9rcios, bancos, entre outros, n\u00e3o abram nessas datas.\u00a0<\/span><\/p>\n<p><span style=\"font-weight: 400;\">O feriado est\u00e1 previsto em lei, na CLT, a Consolida\u00e7\u00e3o das Leis Trabalhistas, que rege os direitos dos trabalhadores no Brasil.\u00a0<\/span><\/p>\n<p><span style=\"font-weight: 400;\">Cada cidade e estado, al\u00e9m da uni\u00e3o, no caso o Governo Federal, podem sancionar quais s\u00e3o os feriados que cada um determina.<\/span><\/p>\n<p><span style=\"font-weight: 400;\">Eles podem ser de cunho c\u00edvicos, hist\u00f3ricos, religiosos ou mesmo sociais. Como veremos adiante, existem 3 tipos de feriado: o municipal, o estadual e o nacional.<\/span><\/p>\n<h2 id='qual-a-origem-do-m\u00eas-de-julho'  id=\"boomdevs_2\"><b>Qual a origem do m\u00eas de julho?<\/b><\/h2>\n<p><span style=\"font-weight: 400;\">Julho tem esse nome em homenagem ao imperador J\u00falio C\u00e9sar, que teria nascido neste per\u00edodo, quando o m\u00eas era o quinto, era chamado de Quintilis ou Quintil.<\/span><\/p>\n<p><span style=\"font-weight: 400;\">Naquele tempo, por volta de 46 a.C. o ano come\u00e7ava em Mar\u00e7o e, dependendo do ciclo, podia ter at\u00e9 13 meses. Isso dava um certo \u201cdesalinhamento\u201d com o ano Solar.<\/span><\/p>\n<p><span style=\"font-weight: 400;\">Para come\u00e7ar a ajustar isso J\u00falio C\u00e9sar come\u00e7ou a estudar mudan\u00e7as e o ano passou a come\u00e7ar em Janeiro, fazendo com que Quintil fosse ent\u00e3o o s\u00e9timo m\u00eas.<\/span><\/p>\n<p><span style=\"font-weight: 400;\">O Senado Romano homenageou seu imperador, que falecera em 44 a.C, batizando o m\u00eas quintil, que n\u00e3o era mais o quinto, como Julho. Al\u00e9m de estipular o ano bissexto de 3 em 3 anos \u2013 corrigido mais pra frente, pelo imperador Augusto.<\/span><\/p>\n<p><span style=\"font-weight: 400;\">O calend\u00e1rio juliano, como ficou conhecido, ainda passou por algumas mudan\u00e7as, at\u00e9 que em 1582, o Papa Greg\u00f3rio XII estipulou um novo calend\u00e1rio, que calculou um novo modo de considerar o ano bissexto (que ocorrem de 4 em 4 anos, com exce\u00e7\u00e3o aos anos m\u00faltiplos de 100, mas n\u00e3o de 400).<\/span><\/p>\n<p><span style=\"font-weight: 400;\">\u00c9 esse <\/span><a href=\"https:\/\/shopee.com.br\/blog\/tipos-de-calendarios\/\" target=\"_blank\" rel=\"noopener\"><span style=\"font-weight: 400;\">calend\u00e1rio gregoriano<\/span><\/a><span style=\"font-weight: 400;\"> que usamos hoje.<\/span><\/p>\n<h2 id='quais-as-datas-comemorativas-e-feriados-de-julho'  id=\"boomdevs_3\"><b>Quais as datas comemorativas e feriados de Julho?<\/b><\/h2>\n<ul>\n<li style=\"font-weight: 400;\" aria-level=\"1\"><span style=\"font-weight: 400;\">1 de julho &#8211; Dia Mundial da Arquitetura<\/span><\/li>\n<li style=\"font-weight: 400;\" aria-level=\"1\"><span style=\"font-weight: 400;\">1 de julho &#8211; Dia da Vacina BCG<\/span><\/li>\n<li style=\"font-weight: 400;\" aria-level=\"1\"><span style=\"font-weight: 400;\">2 de julho &#8211; Independ\u00eancia da Bahia<\/span><\/li>\n<li style=\"font-weight: 400;\" aria-level=\"1\"><span style=\"font-weight: 400;\">6 de julho &#8211; Dia Internacional do Cooperativismo<\/span><\/li>\n<li style=\"font-weight: 400;\" aria-level=\"1\"><span style=\"font-weight: 400;\">9 de julho &#8211; Dia da Revolu\u00e7\u00e3o Constitucionalista<\/span><\/li>\n<li style=\"font-weight: 400;\" aria-level=\"1\"><span style=\"font-weight: 400;\">10 de julho &#8211; Dia da Pizza<\/span><\/li>\n<li style=\"font-weight: 400;\" aria-level=\"1\"><span style=\"font-weight: 400;\">13 de julho &#8211; Dia Mundial do Rock<\/span><\/li>\n<li style=\"font-weight: 400;\" aria-level=\"1\"><span style=\"font-weight: 400;\">15 de julho &#8211; Dia do Homem<\/span><\/li>\n<li style=\"font-weight: 400;\" aria-level=\"1\"><span style=\"font-weight: 400;\">19 de julho &#8211; Dia Nacional do Futebol<\/span><\/li>\n<li style=\"font-weight: 400;\" aria-level=\"1\"><span style=\"font-weight: 400;\">25 de julho &#8211; Dia Nacional do Escritor<\/span><\/li>\n<li style=\"font-weight: 400;\" aria-level=\"1\"><span style=\"font-weight: 400;\">26 de julho &#8211; Dia dos Av\u00f3s<\/span><\/li>\n<\/ul>\n<p><span style=\"font-weight: 400;\">Depois de conhecer toda a hist\u00f3ria por tr\u00e1s desse m\u00eas e como ele foi importante para o calend\u00e1rio como conhecemos hoje, \u00e9 a hora de saber quais as datas comemorativas de julho.<\/span><\/p>\n<p><span style=\"font-weight: 400;\">Bom, n\u00e3o d\u00e1 para mentir: feriados em julho, s\u00f3 os municipais ou estaduais. N\u00e3o h\u00e1 nacionais, ou seja, aqueles que valem para o Brasil todo.<\/span><\/p>\n<p><span style=\"font-weight: 400;\">Confira quais s\u00e3o, por\u00e9m, as datas comemorativas de julho.<\/span><\/p>\n<h3 id='1-de-julho-dia-da-vacina-bcg'  id=\"boomdevs_4\"><b>1 de julho &#8211; Dia da Vacina BCG<\/b><\/h3>\n<p><span style=\"font-weight: 400;\">A vacina BCG, t\u00e3o tradicional aos brasileiros, t\u00eam um dia para chamar de seu. O dia 1 de julho foi o escolhido por que foi nessa data, em 1921, que foi anunciada.<\/span><\/p>\n<p><span style=\"font-weight: 400;\">A BCG &#8211; Bacilo de Calmette e Gu\u00e9rin \u2013 \u00e9 uma bact\u00e9ria que atenua a tuberculose. A vacina foi uma pesquisa dos franceses L\u00e9on Calmette e Alphonse Gu\u00e9rin, que d\u00e3o o nome \u00e0 cura.<\/span><\/p>\n<p><span style=\"font-weight: 400;\">Hoje, a vacina desenvolvida no Brasil, \u00e9 obrigat\u00f3ria para crian\u00e7as de menos de um ano. A sua marca fica no bra\u00e7o por toda a vida.<\/span><\/p>\n<p><span style=\"font-weight: 400;\">A data celebra essa vacina e \u00e9 usada para conscientizar da import\u00e2ncia da vacina\u00e7\u00e3o infantil em todo o pa\u00eds.<\/span><\/p>\n<h3 id='2-de-julho-independ\u00eancia-da-bahia'  id=\"boomdevs_5\"><b>2 de julho &#8211; Independ\u00eancia da Bahia<\/b><\/h3>\n<p><span style=\"font-weight: 400;\">A independ\u00eancia do Brasil possui v\u00e1rias camadas hist\u00f3ricas, destacando-se a Independ\u00eancia da Bahia.<\/span><\/p>\n<p><span style=\"font-weight: 400;\">Embora o 7 de setembro de 1822 seja a data oficial, historiadores como Lu\u00eds Henrique Dias Tavares apontam que a verdadeira independ\u00eancia ocorreu com a sa\u00edda das tropas portuguesas nas prov\u00edncias.\u00a0<\/span><\/p>\n<p><span style=\"font-weight: 400;\">Na Bahia, os baianos se rebelaram contra os portugueses, culminando em 2 de julho de 1823, quando expulsaram as tropas de Salvador. Esta data \u00e9 celebrada como a verdadeira independ\u00eancia na Bahia, sendo feriado estadual.<\/span><\/p>\n<h3 id='6-de-julho-dia-internacional-do-cooperativismo'  id=\"boomdevs_6\"><b>6 de julho &#8211; Dia Internacional do Cooperativismo<\/b><\/h3>\n<p><span style=\"font-weight: 400;\">O dia 6 \u00e9 mais uma data comemorativa de julho, que celebra o cooperativismo. O marco foi definido em 1923 pela Alian\u00e7a Cooperativa Internacional, ACI.<\/span><\/p>\n<p><span style=\"font-weight: 400;\">S\u00f3 em 1995, no entanto, que a ONU oficializou a comemora\u00e7\u00e3o em n\u00edvel mundial. Nesse ano, a ACI comemorava o seu cent\u00e9simo anivers\u00e1rio.<\/span><\/p>\n<p><span style=\"font-weight: 400;\">O dia internacional do cooperativismo \u00e9 celebrado para promover os ideais do movimento, como a autoajuda, a autorresponsabilidade, a democracia, a igualdade, a solidariedade e a equidade.<\/span><\/p>\n<h3 id='9-de-julho-dia-da-revolu\u00e7\u00e3o-constitucionalista'  id=\"boomdevs_7\"><b>9 de julho &#8211; Dia da Revolu\u00e7\u00e3o Constitucionalista<\/b><\/h3>\n<p><span style=\"font-weight: 400;\">Os paulistas n\u00e3o podem reclamar que em julho n\u00e3o t\u00eam folga. Isso porque dia 9 de julho \u00e9 feriado estadual para eles.<\/span><\/p>\n<p><span style=\"font-weight: 400;\">A data faz refer\u00eancia \u00e0 deflagra\u00e7\u00e3o da Revolu\u00e7\u00e3o Constitucionalista em S\u00e3o Paulo. Esse movimento armado ocorreu em 1932, na chamada era Vargas.<\/span><\/p>\n<p><span style=\"font-weight: 400;\">Liderado pelo estado de S\u00e3o Paulo, o movimento era contra o governo de Get\u00falio Vargas e exigia uma nova constitui\u00e7\u00e3o.<\/span><\/p>\n<p><span style=\"font-weight: 400;\">Ainda que o movimento tenha sido derrotado pelos governistas, em 1934 houve uma nova constitui\u00e7\u00e3o brasileira. O 9 de julho marca o in\u00edcio da revolu\u00e7\u00e3o em S\u00e3o Paulo.<\/span><\/p>\n<h3 id='10-de-julho-dia-da-pizza'  id=\"boomdevs_8\"><b>10 de julho &#8211; Dia da Pizza<\/b><\/h3>\n<p><span style=\"font-weight: 400;\">Uma das comidas mais populares do Brasil tamb\u00e9m tem data para si: 10 de julho. A pizza \u00e9 celebrada nesse dia por conta de um concurso em S\u00e3o Paulo.<\/span><\/p>\n<p><span style=\"font-weight: 400;\">Em 1985, quando foi promulgada a data, ocorreu um famoso festival para escolher a melhor receita de pizza de mussarela e margherita.<\/span><\/p>\n<p><span style=\"font-weight: 400;\">Apesar de uma certa pol\u00eamica sobre a sua origem, a pizza \u00e9 tradicionalmente associada \u00e0 culin\u00e1ria italiana. No Brasil, sua fama come\u00e7ou a se consolidar em 1950, mas j\u00e1 havia restaurantes no pa\u00eds.<\/span><\/p>\n<p><span style=\"font-weight: 400;\">A primeira \u00e9 dita como uma no bairro do Br\u00e1s, em S\u00e3o Paulo, num estabelecimento aberto em 1910 por imigrantes italianos.<\/span><\/p>\n<h3 id='13-de-julho-dia-mundial-do-rock'  id=\"boomdevs_9\"><b>13 de julho &#8211; Dia Mundial do Rock<\/b><\/h3>\n<p><span style=\"font-weight: 400;\">Dos feriados de julho e datas comemorativas do m\u00eas, talvez o do <\/span><a href=\"https:\/\/shopee.com.br\/blog\/quando-e-o-dia-do-rock\/\" target=\"_blank\" rel=\"noopener\"><span style=\"font-weight: 400;\">rock seja um dos mais famosos<\/span><\/a><span style=\"font-weight: 400;\">.<\/span><\/p>\n<p><span style=\"font-weight: 400;\">O dia 13 de julho foi escolhido como o do rock em 1985, quando ocorreu o Live Aid, um festival de m\u00fasica do g\u00eanero que acontecia simultaneamente em Londres e na Filad\u00e9lfia, na Inglaterra e nos EUA respectivamente.<\/span><\/p>\n<p><span style=\"font-weight: 400;\">Foi nesse mesmo dia, ali\u00e1s, que ocorreu em Wembley, Londres, a famosa apresenta\u00e7\u00e3o da Banda Queen, no festival que tinha por objetivo combater a fome na Eti\u00f3pia.<\/span><\/p>\n<h3 id='15-de-julho-dia-do-homem'  id=\"boomdevs_10\"><b>15 de julho &#8211; Dia do Homem<\/b><\/h3>\n<p><span style=\"font-weight: 400;\">O dia 15 de julho, por sua vez, \u00e9 a data em que se valoriza a sa\u00fade dos homens. Historicamente, o g\u00eanero \u00e9 o que menos se preocupa com medidas preventivas \u00e0 doen\u00e7as.<\/span><\/p>\n<p><span style=\"font-weight: 400;\">Por isso mesmo, em 1992, o Minist\u00e9rio da Sa\u00fade come\u00e7ou a lan\u00e7ar campanhas de conscientiza\u00e7\u00e3o ao tema, fortalecendo a ideia do autocuidado a doen\u00e7as relacionadas ao autocuidado.<\/span><\/p>\n<p><span style=\"font-weight: 400;\">Esse autocuidado \u00e9 evitado, muitas vezes, por uma esp\u00e9cie de masculinidade que diz que homens n\u00e3o precisam se cuidar e negligenciam sua pr\u00f3pria sa\u00fade.<\/span><\/p>\n<h3 id='19-de-julho-dia-nacional-do-futebol'  id=\"boomdevs_11\"><b>19 de julho &#8211; Dia Nacional do Futebol<\/b><\/h3>\n<p><span style=\"font-weight: 400;\">N\u00e3o seria poss\u00edvel o esporte mais popular do pa\u00eds n\u00e3o ter um dia seu. E tem: 19 de julho. A efem\u00e9ride tem origem em 1976 e foi escolhida pela Confedera\u00e7\u00e3o Brasileira de Futebol.<\/span><\/p>\n<p><span style=\"font-weight: 400;\">O dia 19 de julho \u00e9 o dia em que foi registrado o primeiro time de futebol no pa\u00eds, em 1990: o Sport Clube Rio Grande, do Rio Grande do Sul.<\/span><\/p>\n<p><span style=\"font-weight: 400;\">At\u00e9 hoje, \u00e9 o clube de futebol mais antigo em atividade no pa\u00eds. Vale s\u00f3 mencionar que outros times se dizem mais velhos por conta dos clubes de Remo, que posteriormente se fundiram com os de futebol, em agremia\u00e7\u00f5es que conhecemos hoje, como o Botafogo e o Flamengo, no Rio de Janeiro.<\/span><\/p>\n<p><span style=\"font-weight: 400;\">Mas clube de futebol mesmo, e n\u00e3o remo, \u00e9, de fato, o Sport do Rio Grande \u00e9 o primeiro registro.<\/span><\/p>\n<h3 id='20-de-julho-dia-do-amigo'  id=\"boomdevs_12\"><b>20 de julho &#8211; Dia do Amigo<\/b><\/h3>\n<p><span style=\"font-weight: 400;\">Essa data \u00e9 celebrada aqui no Brasil, na Argentina, Uruguai e Mo\u00e7ambique. Ela \u00e9 popularmente celebrada nesse dia, apesar de haver outras que s\u00e3o tamb\u00e9m cultuadas pela amizade, como o 18 de abril, apesar de ser a mais famosa.<\/span><\/p>\n<p><span style=\"font-weight: 400;\">Ela n\u00e3o \u00e9 uma data mundial apesar de ser compartilhada entre pa\u00edses diferentes \u2013 e descobriremos melhor a seguir. Mas, quem a escolheu, fez isso em refer\u00eancia \u00e0 chegada do homem \u00e0 lua.<\/span><\/p>\n<p><span style=\"font-weight: 400;\">Como curiosidade, na Argentina, um professor e m\u00e9dico, chamado Enrique Febbraro, envio cerca de 4000 cartas para o mundo todo \u2013 em diferentes l\u00ednguas \u2013 para instaurar a data como dia da amizade para celebrar que a uni\u00e3o pela amizade do ser humano, n\u00e3o h\u00e1 nada imposs\u00edvel, como chegar \u00e0 lua.<\/span><\/p>\n<h3 id='25-de-julho-dia-nacional-do-escritor'  id=\"boomdevs_13\"><b>25 de julho &#8211; Dia Nacional do Escritor<\/b><\/h3>\n<p><span style=\"font-weight: 400;\">Em 1960, o dia 25 de julho passou a ser celebrado pelas pessoas escritoras. Nesse mesmo dia, naquele ano, acontecia o Festival do Escritor Brasileiro, da Uni\u00e3o Brasileira dos Escritores (UBE).<\/span><\/p>\n<p><span style=\"font-weight: 400;\">A data nada mais \u00e9 do que uma celebra\u00e7\u00e3o a essas pessoas, que de modo contundentes, ajudaram a definir a cultura Brasileira por meio da literatura e outras narrativas.<\/span><\/p>\n<p><span style=\"font-weight: 400;\">De certo modo, essas pessoas ajudam tamb\u00e9m na alfabetiza\u00e7\u00e3o e na propaga\u00e7\u00e3o de saberes e folclores do Brasil.<\/span><\/p>\n<h3 id='26-de-julho-dia-dos-av\u00f3s'  id=\"boomdevs_14\"><b>26 de julho &#8211; Dia dos Av\u00f3s<\/b><\/h3>\n<p><span style=\"font-weight: 400;\">Um dos \u201cferiados de julho\u201d \u00e9 o dia dos av\u00f3s e ele tem contexto religioso. Nesse mesmo dia, a igreja cat\u00f3lica celebra S\u00e3o Joaquim e Santa Ana, que teriam sido av\u00f3s de Jesus.<\/span><\/p>\n<p><span style=\"font-weight: 400;\">Foram os colonos portugueses que come\u00e7aram a celebrar os av\u00f3s aqui no Brasil, que hoje, al\u00e9m do fator religiosos, \u00e9 uma forma de homenagear o carinho dessas pessoas.<\/span><\/p>\n<p><span style=\"font-weight: 400;\">\u00c9 tamb\u00e9m uma <\/span><a href=\"https:\/\/shopee.com.br\/blog\/presente-para-avo-2\/\" target=\"_blank\" rel=\"noopener\"><span style=\"font-weight: 400;\">oportunidade<\/span><\/a><span style=\"font-weight: 400;\"> de conscientizar a\u00e7\u00f5es voltadas para a terceira idade.<\/span><\/p>\n<h2 id='quais-os-tipos-de-feriados-no-brasil'  id=\"boomdevs_15\"><b>Quais os tipos de feriados no Brasil?<\/b><\/h2>\n<p><span style=\"font-weight: 400;\">Depois de conhecer as datas comemorativas de julho, vamos repassar o que \u00e9 feriado e os diferentes tipos.<\/span><\/p>\n<p><span style=\"font-weight: 400;\">Pois o feriado \u00e9 um direito ao descanso do trabalhador que, com exce\u00e7\u00f5es, podem usufruir de folga em datas pr\u00e9-determinadas pelo Governo.<\/span><\/p>\n<h3 id='feriados-nacionais'  id=\"boomdevs_16\"><b>Feriados Nacionais<\/b><\/h3>\n<p><span style=\"font-weight: 400;\">S\u00e3o os feriados decretados a n\u00edvel nacional, pelo Governo Federal. Nestes, o direito ao descanso vale para todas as cidades do Brasil.<\/span><\/p>\n<p><span style=\"font-weight: 400;\">Os feriados nacionais fixos s\u00e3o:<\/span><\/p>\n<ul>\n<li style=\"font-weight: 400;\" aria-level=\"1\"><span style=\"font-weight: 400;\">Confraterniza\u00e7\u00e3o Universal &#8211; 1\u00ba de janeiro<\/span><\/li>\n<li style=\"font-weight: 400;\" aria-level=\"1\"><span style=\"font-weight: 400;\">Tiradentes &#8211; 21 de abril;<\/span><\/li>\n<li style=\"font-weight: 400;\" aria-level=\"1\"><span style=\"font-weight: 400;\">Dia do Trabalhador &#8211; 1\u00ba de maio;<\/span><\/li>\n<li style=\"font-weight: 400;\" aria-level=\"1\"><span style=\"font-weight: 400;\">Independ\u00eancia do Brasil &#8211; 7 de setembro<\/span><\/li>\n<li style=\"font-weight: 400;\" aria-level=\"1\"><span style=\"font-weight: 400;\">Nossa Senhora Aparecida &#8211; 12 de outubro<\/span><\/li>\n<li style=\"font-weight: 400;\" aria-level=\"1\"><span style=\"font-weight: 400;\">Finados &#8211; 2 de novembro<\/span><\/li>\n<li style=\"font-weight: 400;\" aria-level=\"1\"><span style=\"font-weight: 400;\">Proclama\u00e7\u00e3o da Rep\u00fablica &#8211; 15 de novembro;<\/span><\/li>\n<li style=\"font-weight: 400;\" aria-level=\"1\"><span style=\"font-weight: 400;\">Dia Nacional de Zumbi e da Consci\u00eancia Negra &#8211; 20 de novembro;<\/span><\/li>\n<li style=\"font-weight: 400;\" aria-level=\"1\"><span style=\"font-weight: 400;\">Natal &#8211; 25 de dezembro.<\/span><\/li>\n<\/ul>\n<p><span style=\"font-weight: 400;\">Al\u00e9m dos fixos, ainda temos os m\u00f3veis, que s\u00e3o feriados que n\u00e3o ocorrem na mesma data todo ano, mas sim dependem de outro fator para ser celebrado.<\/span><\/p>\n<h3 id='feriados-estaduais'  id=\"boomdevs_17\"><b>Feriados Estaduais<\/b><\/h3>\n<p><span style=\"font-weight: 400;\">Os feriados estaduais s\u00e3o aqueles estipulados pelos governos estaduais e s\u00f3 t\u00eam valor no estado decretado.<\/span><\/p>\n<p><span style=\"font-weight: 400;\">Por isso, cada um dos 26 estados, mais o distrito federal, podem ter o seu pr\u00f3prio calend\u00e1rio de feriados estaduais.<\/span><\/p>\n<p><span style=\"font-weight: 400;\">Assim como os nacionais, eles t\u00eam car\u00e1ter social, religioso ou c\u00edvico, como a celebra\u00e7\u00e3o da carta magna do estado em quest\u00e3o.<\/span><\/p>\n<p><span style=\"font-weight: 400;\">Alguns dos feriados estaduais mais famosos s\u00e3o:<\/span><\/p>\n<ul>\n<li style=\"font-weight: 400;\" aria-level=\"1\"><span style=\"font-weight: 400;\">23 de abril: dia de S\u00e3o Jorge (Rio de Janeiro);<\/span><\/li>\n<li style=\"font-weight: 400;\" aria-level=\"1\"><span style=\"font-weight: 400;\">02 de julho: dia da independ\u00eancia do Brasil na Bahia (Bahia);<\/span><\/li>\n<li style=\"font-weight: 400;\" aria-level=\"1\"><span style=\"font-weight: 400;\">09 de julho: Dia da Revolu\u00e7\u00e3o Constitucional (S\u00e3o Paulo).<\/span><\/li>\n<\/ul>\n<p><span style=\"font-weight: 400;\">At\u00e9 2023, o dia 20 de novembro, dia da Consci\u00eancia Negra, ser\u00e1 feriado estadual em alguns estados, como S\u00e3o Paulo. A partir de 2024, ele se nacionalizou, por isso, dia 20 de novembro \u00e9 feriado em todo o pa\u00eds.<\/span><\/p>\n<h3 id='feriados-municipais'  id=\"boomdevs_18\"><b>Feriados municipais<\/b><\/h3>\n<p><span style=\"font-weight: 400;\">Por fim, voc\u00ea que queira saber o que \u00e9 feriado municipal, s\u00e3o aqueles declarados pelo munic\u00edpio.<\/span><\/p>\n<p><span style=\"font-weight: 400;\">Em muitos casos, o carnaval se encontra aqui, j\u00e1 que n\u00e3o \u00e9 feriado nacional, mas sim uma promulga\u00e7\u00e3o da cidade \u2013 com exce\u00e7\u00e3o do Rio de Janeiro, onde \u00e9 estadual e m\u00f3vel.<\/span><\/p>\n<p><span style=\"font-weight: 400;\">Os feriados municipais normalmente s\u00e3o celebra\u00e7\u00f5es de municipaliza\u00e7\u00e3o ou funda\u00e7\u00e3o dessas cidades e de seus padroeiros.<\/span><\/p>\n<p><span style=\"font-weight: 400;\">Um dos mais famosos \u00e9 o dia 8 de dezembro, dia de Nossa Senhora da Concei\u00e7\u00e3o. S\u00e3o mais de 50 cidades que celebram a santa, dentre elas algumas capitais, como Belo Horizonte, Salvador, Manaus, S\u00e3o Lu\u00eds, Recife e Aracaju.<\/span><\/p>\n<h3 id='pontos-facultativos'  id=\"boomdevs_19\"><b>Pontos Facultativos<\/b><\/h3>\n<p><span style=\"font-weight: 400;\">Por fim, os pontos facultativos, que podem ser acordados como feriado ou desconto de horas por parte dos empregadores.<\/span><\/p>\n<p><span style=\"font-weight: 400;\">Nesses casos, ele n\u00e3o \u00e9 um feriado propriamente dito, mas pode ser considerado, de novo, se acordado.<\/span><\/p>\n","protected":false},"excerpt":{"rendered":"<p>Repleto de festividades, julho \u00e9 um m\u00eas movimentado por v\u00e1rias celebra\u00e7\u00f5es importantes. Entre elas, destacam-se o Dia Mundial da Arquitetura, a Independ\u00eancia da Bahia e o Dia Mundial do Rock. Essas datas s\u00e3o marcadas por eventos e comemora\u00e7\u00f5es que ressaltam a import\u00e2ncia de cada uma, trazendo um dinamismo especial ao m\u00eas. O meio do ano [&hellip;]<\/p>\n","protected":false},"author":20,"featured_media":59059,"comment_status":"open","ping_status":"open","sticky":false,"template":"","format":"standard","meta":{"jnews-multi-image_gallery":[],"jnews_single_post":[],"jnews_primary_category":[],"jnews_social_meta":[],"jnews_review":[],"enable_review":"","type":"","name":"","summary":"","brand":"","sku":"","good":[],"bad":[],"score_override":"","override_value":"","rating":[],"price":[],"footnotes":""},"categories":[1],"tags":[154],"class_list":["post-59058","post","type-post","status-publish","format-standard","has-post-thumbnail","hentry","category-estilo-de-vida","tag-dicas-de-vida"],"_links":{"self":[{"href":"https:\/\/shopee.com.br\/blog\/wp-json\/wp\/v2\/posts\/59058","targetHints":{"allow":["GET"]}}],"collection":[{"href":"https:\/\/shopee.com.br\/blog\/wp-json\/wp\/v2\/posts"}],"about":[{"href":"https:\/\/shopee.com.br\/blog\/wp-json\/wp\/v2\/types\/post"}],"author":[{"embeddable":true,"href":"https:\/\/shopee.com.br\/blog\/wp-json\/wp\/v2\/users\/20"}],"replies":[{"embeddable":true,"href":"https:\/\/shopee.com.br\/blog\/wp-json\/wp\/v2\/comments?post=59058"}],"version-history":[{"count":0,"href":"https:\/\/shopee.com.br\/blog\/wp-json\/wp\/v2\/posts\/59058\/revisions"}],"wp:featuredmedia":[{"embeddable":true,"href":"https:\/\/shopee.com.br\/blog\/wp-json\/wp\/v2\/media\/59059"}],"wp:attachment":[{"href":"https:\/\/shopee.com.br\/blog\/wp-json\/wp\/v2\/media?parent=59058"}],"wp:term":[{"taxonomy":"category","embeddable":true,"href":"https:\/\/shopee.com.br\/blog\/wp-json\/wp\/v2\/categories?post=59058"},{"taxonomy":"post_tag","embeddable":true,"href":"https:\/\/shopee.com.br\/blog\/wp-json\/wp\/v2\/tags?post=59058"}],"curies":[{"name":"wp","href":"https:\/\/api.w.org\/{rel}","templated":true}]}}